{"id":7908,"date":"2023-10-30T12:41:02","date_gmt":"2023-10-30T10:41:02","guid":{"rendered":"https:\/\/sameboat.fi\/?p=7908"},"modified":"2023-10-30T12:41:02","modified_gmt":"2023-10-30T10:41:02","slug":"webbinarium-om-foretagsstod-23-11-kl-9-11","status":"publish","type":"post","link":"https:\/\/sameboat.fi\/sv\/webbinarium-om-foretagsstod-23-11-kl-9-11","title":{"rendered":"Webbinarium om f\u00f6retagsst\u00f6d 23.11 kl. 9-11"},"content":{"rendered":"<p><!-- VideographyWP Plugin Message: Automatic video embedding prevented by plugin options. --><\/p>\n<h2>F\u00f6retagsfinansieringens m\u00e5nga m\u00f6jligheter i Egentliga Finland<\/h2>\n<h2>Webbinarium 23.11 kl. 9\u201311<\/h2>\n<p>NTM-centralen i Egentliga Finland och Leader-grupperna h\u00e5ller ett gemensamt webbinarium 23.11.2023 kl. 9-11 f\u00f6r att ber\u00e4tta om vilka m\u00f6jligheter som finns inom f\u00f6retagsfinansieringen.<\/p>\n<p>Under f\u00f6rmiddagen presenteras f\u00f6retagsst\u00f6d som h\u00f6r till Europeiska regionala utvecklingsfonden och EU:s landsbygdsfinansiering. Finansiering kan s\u00f6kas t.ex. f\u00f6r att inleda och utveckla f\u00f6retagsverksamhet och f\u00f6r investeringar samt f\u00f6r internationalisering och f\u00f6retagssamarbete. Ut\u00f6ver f\u00f6retagsst\u00f6den f\u00e5r \u00e5h\u00f6rarna ocks\u00e5 information av Finnvera om f\u00f6retagsl\u00e5n, borgen och finansieringsl\u00f6sningar f\u00f6r export.<\/p>\n<p>Webbinariet h\u00e5lls p\u00e5 Teams. Det riktar sig s\u00e4rskilt till f\u00f6retagare och personer som jobbar med f\u00f6retagstj\u00e4nster, men det \u00e4r \u00f6ppet och avgiftsfritt f\u00f6r alla som \u00e4r intresserade av \u00e4mnet. V\u00e4lkommen med! Anm\u00e4lan \u00e4r \u00f6ppen\u00a0<a href=\"https:\/\/link.webropolsurveys.com\/EventParticipation\/EventPublic\/f10de759-2dd8-47a6-b6c8-95274cea97a1?displayId=Fin2923604\" target=\"_blank\" rel=\"noopener\">i Webropol<\/a>\u00a0fram till 22.11 kl. 12.<\/p>\n<p><strong>Program:<\/strong><\/p>\n<p>Kl. 9.00<\/p>\n<ul>\n<li>\u00d6ppningsord: N\u00e4ringsansvarsomr\u00e5dets direkt\u00f6r Okku Kalliokoski, NTM-centralen i Egentliga Finland<\/li>\n<li>Aktuella fr\u00e5gor inom NTM-centralens f\u00f6retagstj\u00e4nster och situationen i fr\u00e5ga om underst\u00f6d f\u00f6r utvecklande av f\u00f6retag (ERUF): F\u00f6retagsexpert Artturi Kaukoranta och Team Finland tillv\u00e4xt- och internationaliseringskoordinator Leevi T\u00f6rm\u00e4kangas, NTM-centralen i Egentliga Finland<\/li>\n<li>F\u00f6retagsl\u00e5n, borgen och finansieringsl\u00f6sningar f\u00f6r export: Regionchef Jyrki Isotalo, Finnvera<\/li>\n<\/ul>\n<p>Kl. 10.00<\/p>\n<ul>\n<li>F\u00f6retagsst\u00f6d f\u00f6r landsbygden under EU:s finansieringsperiod 2023\u20132027: Ledande f\u00f6retagsexpert Hilkka Halla, NTM-centralen i Egentliga Finland<\/li>\n<li>Energist\u00f6d f\u00f6r landsbygden: F\u00f6retagsexpert Anders B\u00e4ckman, NTM-centralen i Egentliga Finland<\/li>\n<li>Projekt f\u00f6r f\u00f6retags- och jordbrukargrupper p\u00e5 landsbygden: Landsbygdskoordinator Sakari Malmilehto, NTM-centralen i Egentliga Finland<\/li>\n<li>F\u00f6retagsst\u00f6d via Leader-grupperna: Pia Poikonen, Leader Varsin Hyv\u00e4<\/li>\n<\/ul>\n<p>Presentationerna h\u00e5lls p\u00e5 finska, men det g\u00e5r bra att fr\u00e5ga och diskutera ocks\u00e5 p\u00e5 svenska. Ordf\u00f6rande f\u00f6r webbinariet \u00e4r Hannu Lehti, chef f\u00f6r enheten f\u00f6r arbetslivs- och f\u00f6retagartj\u00e4nster vid NTM-centralen i Egentliga Finland.<\/p>\n","protected":false},"excerpt":{"rendered":"<p>F\u00f6retagsfinansieringens m\u00e5nga m\u00f6jligheter i Egentliga Finland Webbinarium 23.11 kl. 9\u201311 NTM-centralen i Egentliga Finland och Leader-grupperna h\u00e5ller ett gemensamt webbinarium 23.11.2023 kl. 9-11 f\u00f6r att ber\u00e4tta om vilka m\u00f6jligheter som finns inom f\u00f6retagsfinansieringen. Under f\u00f6rmiddagen presenteras f\u00f6retagsst\u00f6d som h\u00f6r till Europeiska regionala utvecklingsfonden och EU:s landsbygdsfinansiering. Finansiering kan s\u00f6kas t.ex. f\u00f6r att inleda och utveckla [&hellip;]<\/p>\n","protected":false},"author":3,"featured_media":7895,"comment_status":"closed","ping_status":"closed","sticky":false,"template":"","format":"standard","meta":{"footnotes":""},"categories":[67],"tags":[],"class_list":["post-7908","post","type-post","status-publish","format-standard","has-post-thumbnail","hentry","category-maaseutuleader-ajankohtaista-sv"],"_links":{"self":[{"href":"https:\/\/sameboat.fi\/sv\/wp-json\/wp\/v2\/posts\/7908","targetHints":{"allow":["GET"]}}],"collection":[{"href":"https:\/\/sameboat.fi\/sv\/wp-json\/wp\/v2\/posts"}],"about":[{"href":"https:\/\/sameboat.fi\/sv\/wp-json\/wp\/v2\/types\/post"}],"author":[{"embeddable":true,"href":"https:\/\/sameboat.fi\/sv\/wp-json\/wp\/v2\/users\/3"}],"replies":[{"embeddable":true,"href":"https:\/\/sameboat.fi\/sv\/wp-json\/wp\/v2\/comments?post=7908"}],"version-history":[{"count":1,"href":"https:\/\/sameboat.fi\/sv\/wp-json\/wp\/v2\/posts\/7908\/revisions"}],"predecessor-version":[{"id":7909,"href":"https:\/\/sameboat.fi\/sv\/wp-json\/wp\/v2\/posts\/7908\/revisions\/7909"}],"wp:featuredmedia":[{"embeddable":true,"href":"https:\/\/sameboat.fi\/sv\/wp-json\/wp\/v2\/media\/7895"}],"wp:attachment":[{"href":"https:\/\/sameboat.fi\/sv\/wp-json\/wp\/v2\/media?parent=7908"}],"wp:term":[{"taxonomy":"category","embeddable":true,"href":"https:\/\/sameboat.fi\/sv\/wp-json\/wp\/v2\/categories?post=7908"},{"taxonomy":"post_tag","embeddable":true,"href":"https:\/\/sameboat.fi\/sv\/wp-json\/wp\/v2\/tags?post=7908"}],"curies":[{"name":"wp","href":"https:\/\/api.w.org\/{rel}","templated":true}]}}