{"id":7041,"date":"2022-12-20T10:46:31","date_gmt":"2022-12-20T08:46:31","guid":{"rendered":"https:\/\/sameboat.fi\/?p=7041"},"modified":"2022-12-20T10:46:31","modified_gmt":"2022-12-20T08:46:31","slug":"medlen-for-landsbygdsfondens-programperiod-har-delats-ut-ansokan-igen-nasta-ar","status":"publish","type":"post","link":"https:\/\/sameboat.fi\/sv\/medlen-for-landsbygdsfondens-programperiod-har-delats-ut-ansokan-igen-nasta-ar","title":{"rendered":"Medlen f\u00f6r Landsbygdsfondens programperiod har delats ut! Ans\u00f6kan igen n\u00e4sta \u00e5r"},"content":{"rendered":"<p><!-- VideographyWP Plugin Message: Automatic video embedding prevented by plugin options. --><br \/>\nS\u00e5v\u00e4l NTM-centralen f\u00f6r Egentliga Finland som alla fem Leadergrupper i landskapet har nu beviljat medlen som h\u00f6rde till utvecklingsprogrammet f\u00f6r landsbygden p\u00e5 Finlands fastland 2014\u20132022. Nya ans\u00f6kningar tas allts\u00e5 inte emot, men man kan som vanligt ans\u00f6ka om modifikation av p\u00e5g\u00e5ende projekt. Projekten som f\u00e5tt medel under perioden 2014\u20132022 b\u00f6r slutf\u00f6ras fram till slutet av 2024.<\/p>\n<p>Under programperioden 2014\u20132022 satsades i enlighet med landsbygdsprogrammet 77,5\u00a0miljoner\u00a0euro f\u00f6r att st\u00f6da utvecklingen p\u00e5 Egentliga Finlands landsbygd. NTM-centralen beviljade 70 procent, medan 30 procent delades ut av Leadergrupperna\u00a0<a href=\"https:\/\/www.varsinhyva.fi\/\" target=\"_blank\" rel=\"noopener\">Varsin Hyv\u00e4<\/a>,\u00a0<a href=\"https:\/\/jokivarsi.fi\/\" target=\"_blank\" rel=\"noopener\">Varsinais-Suomen Jokivarsikumppanit<\/a>,\u00a0<a href=\"https:\/\/sameboat.fi\/\">I samma b\u00e5t \u2013 Samassa veneess\u00e4<\/a>,\u00a0<a href=\"https:\/\/ravakka.fi\/\" target=\"_blank\" rel=\"noopener\">Ravakka<\/a>\u00a0och\u00a0<a href=\"https:\/\/www.ykkosakseli.fi\/\" target=\"_blank\" rel=\"noopener\">Ykk\u00f6sakseli<\/a>.<\/p>\n<p>D en nya programperiod 2023\u20132027 inleds i b\u00f6rjan av januari, men det blir det m\u00f6jligt att ans\u00f6ka om st\u00f6d f\u00f6r projekt f\u00f6rst senare, sannolikt i april. Vi kommer att informera om ans\u00f6kningstidens b\u00f6rjan s\u00e5 fort som m\u00f6jligt.<\/p>\n<p>\u2013 Ans\u00f6kningsr\u00e5dgivarna arbetar ocks\u00e5 under ans\u00f6kningspausen, s\u00e5 det \u00e4r m\u00f6jligt och ocks\u00e5 tillr\u00e5dligt att redan nu f\u00f6rbereda nya projekt. Om du allts\u00e5 har en utvecklingsid\u00e9 f\u00f6r din hembygd, ta kontakt med Leadergruppen i ditt omr\u00e5de eller med NTM-centralen. Oberoende av om du \u00e4r en f\u00f6retagare, en g\u00e5rds\u00e4gare eller en inv\u00e5nare som vill g\u00f6ra din hemtrakt \u00e4nnu trivsammare s\u00e5 finns det finansiering och l\u00f6sningar f\u00f6r just dig, s\u00e4ger NTM-centralens landsbygdskoordinator<b>\u00a0Jarmo Lamminen\u00a0<\/b>uppmuntrande.<\/p>\n<p>Ocks\u00e5 om den nya landsbygdsprogramperioden 2023\u20132027 medf\u00f6r \u00e4ndringar av detaljerna i\u00a0ans\u00f6kningskriterierna s\u00e5 f\u00f6rblir huvudprinciperna desamma. Landsbygdens inv\u00e5nare kan utnyttja programmet f\u00f6r att till exempel utveckla tillg\u00e4ngligheten eller trivseln inom sitt omr\u00e5de. Sm\u00e5 och medelstora f\u00f6retag p\u00e5 landsbygden kan f\u00e5 st\u00f6d bland annat f\u00f6r produktutveckling, marknadsf\u00f6ring, experiment, internationalisering och samarbete. Utvecklingsorganisationer och kommuner \u00e5ter kan f\u00f6rbereda projekt f\u00f6r att utveckla n\u00e4ringar, kunnande och tj\u00e4nster.<\/p>\n<p>Av Leadergrupperna kommer Varsin Hyv\u00e4, I samma b\u00e5t \u2013 Samassa Veneess\u00e4, Ravakka och Ykk\u00f6sakseli att forts\u00e4tta ta emot och bevilja UngdomsLeader-st\u00f6d ocks\u00e5 i skarven mellan programperioderna. Leadergrupperna har varierande st\u00f6dsummor och villkor.<\/p>\n<h3>Till\u00e4ggsuppgifter:<\/h3>\n<p><b>NTM-centralen<\/b><\/p>\n<ul>\n<li>Landsbygdskoordinator Jarmo Lamminen, tel. 040 700 7167<\/li>\n<\/ul>\n<p><b>Leadergruppernas verksamhetsledare<\/b><\/p>\n<ul>\n<li>Leader Ravakka: Ulla Kallio, tel. 044 034 4345<\/li>\n<li>Leader i samma b\u00e5t \u2013 Samassa veneess\u00e4: Minna Bostr\u00f6m, tel. 0400 718 913<\/li>\n<li>Leader Varsin Hyv\u00e4: Pia Poikonen, tel. 050 338 3867<\/li>\n<li>Leader Ykk\u00f6sakseli: Maarit Teuri, tel. 0400 982 236<\/li>\n<li>Varsinais-Suomen jokivarsikumppanit ry: Taina Sainio, tel. 044 067 4434<\/li>\n<\/ul>\n","protected":false},"excerpt":{"rendered":"<p>S\u00e5v\u00e4l NTM-centralen f\u00f6r Egentliga Finland som alla fem Leadergrupper i landskapet har nu beviljat medlen som h\u00f6rde till utvecklingsprogrammet f\u00f6r landsbygden p\u00e5 Finlands fastland 2014\u20132022. Nya ans\u00f6kningar tas allts\u00e5 inte emot, men man kan som vanligt ans\u00f6ka om modifikation av p\u00e5g\u00e5ende projekt. Projekten som f\u00e5tt medel under perioden 2014\u20132022 b\u00f6r slutf\u00f6ras fram till slutet av [&hellip;]<\/p>\n","protected":false},"author":10,"featured_media":7037,"comment_status":"closed","ping_status":"closed","sticky":false,"template":"","format":"standard","meta":{"footnotes":""},"categories":[67],"tags":[],"class_list":["post-7041","post","type-post","status-publish","format-standard","has-post-thumbnail","hentry","category-maaseutuleader-ajankohtaista-sv"],"_links":{"self":[{"href":"https:\/\/sameboat.fi\/sv\/wp-json\/wp\/v2\/posts\/7041","targetHints":{"allow":["GET"]}}],"collection":[{"href":"https:\/\/sameboat.fi\/sv\/wp-json\/wp\/v2\/posts"}],"about":[{"href":"https:\/\/sameboat.fi\/sv\/wp-json\/wp\/v2\/types\/post"}],"author":[{"embeddable":true,"href":"https:\/\/sameboat.fi\/sv\/wp-json\/wp\/v2\/users\/10"}],"replies":[{"embeddable":true,"href":"https:\/\/sameboat.fi\/sv\/wp-json\/wp\/v2\/comments?post=7041"}],"version-history":[{"count":1,"href":"https:\/\/sameboat.fi\/sv\/wp-json\/wp\/v2\/posts\/7041\/revisions"}],"predecessor-version":[{"id":7042,"href":"https:\/\/sameboat.fi\/sv\/wp-json\/wp\/v2\/posts\/7041\/revisions\/7042"}],"wp:featuredmedia":[{"embeddable":true,"href":"https:\/\/sameboat.fi\/sv\/wp-json\/wp\/v2\/media\/7037"}],"wp:attachment":[{"href":"https:\/\/sameboat.fi\/sv\/wp-json\/wp\/v2\/media?parent=7041"}],"wp:term":[{"taxonomy":"category","embeddable":true,"href":"https:\/\/sameboat.fi\/sv\/wp-json\/wp\/v2\/categories?post=7041"},{"taxonomy":"post_tag","embeddable":true,"href":"https:\/\/sameboat.fi\/sv\/wp-json\/wp\/v2\/tags?post=7041"}],"curies":[{"name":"wp","href":"https:\/\/api.w.org\/{rel}","templated":true}]}}