{"id":6774,"date":"2022-09-29T08:22:34","date_gmt":"2022-09-29T05:22:34","guid":{"rendered":"https:\/\/sameboat.fi\/?p=6774"},"modified":"2022-09-29T08:22:18","modified_gmt":"2022-09-29T05:22:18","slug":"stora-och-sma-hallbarhetsgarningar-i-nagu","status":"publish","type":"post","link":"https:\/\/sameboat.fi\/sv\/stora-och-sma-hallbarhetsgarningar-i-nagu","title":{"rendered":"Stora och sm\u00e5 h\u00e5llbarhetsg\u00e4rningar i Nagu!"},"content":{"rendered":"<p><!-- VideographyWP Plugin Message: Automatic video embedding prevented by plugin options. --><br \/>\n<em>Annastina Sarlin fr\u00e5n Pro Nagu rf \u00e4r \u00f6vertygad om att den tredje sektorn v\u00e4l kan p\u00e5verka milj\u00f6ns tillst\u00e5nd, eftersom den lokala befolkningen har starkt kunnande i det, vilka \u00e5tg\u00e4rder \u00e4r viktiga. I Nagu har f\u00f6reningar varit aktiva p\u00e5 m\u00e5nga olika s\u00e4tt, b\u00e5de med konkreta kampanjer och i att ta initiativ till l\u00e5ngsiktiga planer. <\/em><\/p>\n<p>Plastfri sk\u00e4rg\u00e5rd -kampanjen ordnades sommaren 2019. Sk\u00e4rg\u00e5rdshavets UNESCO biosf\u00e4romr\u00e5de och Pro Nagu f\u00f6reningen organiserade kampanjen i Nagu. Kampanjen fick sin b\u00f6rjan i de lokala m\u00e4nniskornas vilja att minska plastanv\u00e4ndning och \u00f6ka dess \u00e5tervinning. Informationen spreds bl. a. med affischer, d\u00e4r det uppmuntrades att \u00e5tervinna plast, och i bybutiker fanns tygkassar som man fick ta f\u00f6r sina ink\u00f6p.<\/p>\n<p>Man fick med Finlands F\u00f6rpacknings\u00e5tervinning Rinki ab i kampanjen, och de h\u00e4mtade plastinsamlingsk\u00e4rl som fanns i Nagu fr\u00e5n maj till augusti.<\/p>\n<p>&#8211; Plast insamlades mera \u00e4n vi hade f\u00f6rv\u00e4ntat oss, men \u00e4nd\u00e5 fick vi inte forts\u00e4tta, och de tog bort insamlingsk\u00e4rlen! Det \u00e4r verkligen f\u00f6rargligt, att glesbygdens m\u00f6jligheter till att \u00e5tervinna plast har helt och h\u00e5llet f\u00f6rbig\u00e5tts i detta system, ber\u00e4ttar Annastina Sarlin p\u00e5 basen av sina erfarenheter.<\/p>\n<p><img loading=\"lazy\" decoding=\"async\" class=\"alignnone size-full wp-image-6770\" src=\"https:\/\/sameboat.fi\/content\/uploads\/2022\/09\/muoviton-saaristo.jpg\" alt=\"\" width=\"679\" height=\"960\" \/><\/p>\n<p>I Nagu har man b\u00f6rjat fundera i en mera vidstr\u00e4ckt bem\u00e4rkelse, hur man i sk\u00e4rg\u00e5rden kunde komma n\u00e4rmare ren och sj\u00e4lvf\u00f6rs\u00f6rjande energiproduktion. Nagu kom med i <em>Clean Energy for EU Islands<\/em> -projektet, d\u00e4r flera olika europeiska sk\u00e4rg\u00e5rdssamh\u00e4llen deltar.\u00a0 Projektet har bidragit till att g\u00f6ra ber\u00e4kningar f\u00f6r olika l\u00f6sningar med f\u00f6rnybara energi i Nagu. Pro Nagu f\u00f6reningen har genom sociala medier spridit fr\u00e5geformul\u00e4r till fastighets\u00e4gare, med syfte att f\u00e5 information om energikonsumtionen i Nagu, och f\u00f6r att f\u00e5 veta vilka energik\u00e4llor som anv\u00e4nds f\u00f6r uppv\u00e4rmning av husen.<\/p>\n<p>&#8211; Vi har ocks\u00e5 funderat p\u00e5 biogas som ett alternativ, men volymer varierar mycket \u2013 p\u00e5 sommaren finns mycket organiskt material som \u00e4r tillg\u00e4ngligt, men d\u00e4remot \u00e4r energibehovet det l\u00e4gsta d\u00e5. Intressant \u00e4r ocks\u00e5 biokolproduktion, hur kunde vi utnyttja organiskt \u00e4mne till produktion av biokol? I sk\u00e4rg\u00e5rden finns det hur mycket vass som helst, vad finns det f\u00f6r l\u00f6nsamma alternativ till dess anv\u00e4ndning, analyserar Sarlin.<\/p>\n<p>P\u00e5 basen av de redan gjorda ber\u00e4kningarna skulle solenergi vara p\u00e5 m\u00e5nga olika s\u00e4tt en bra l\u00f6sning i sk\u00e4rg\u00e5rdsf\u00f6rh\u00e5llanden.<\/p>\n<p>&#8211; Kanske man i framtiden kunde lyckas med att skapa byavisa energiplaner, med t ex sol- och vindkraft, s\u00e5 att vi skulle vara mera sj\u00e4lvf\u00f6rs\u00f6rjande i energiproduktionen. I byar och p\u00e5 \u00f6ar \u00e4r det m\u00f6jligt att t\u00e4nka stort, visionerar Sarlin.<\/p>\n<p>Till\u00e4gsinformation: Pro Nagu rf \u00a0<a href=\"mailto:info@pronagu.fi\">info@pronagu.fi<\/a>,https:\/\/nagubor.fi\/for-nagubor\/<\/p>\n<p>Artikelfoton: Pro Nagu rf.<\/p>\n<p>&nbsp;<\/p>\n","protected":false},"excerpt":{"rendered":"<p>Annastina Sarlin fr\u00e5n Pro Nagu rf \u00e4r \u00f6vertygad om att den tredje sektorn v\u00e4l kan p\u00e5verka milj\u00f6ns tillst\u00e5nd, eftersom den lokala befolkningen har starkt kunnande i det, vilka \u00e5tg\u00e4rder \u00e4r viktiga. I Nagu har f\u00f6reningar varit aktiva p\u00e5 m\u00e5nga olika s\u00e4tt, b\u00e5de med konkreta kampanjer och i att ta initiativ till l\u00e5ngsiktiga planer. Plastfri sk\u00e4rg\u00e5rd [&hellip;]<\/p>\n","protected":false},"author":12,"featured_media":6772,"comment_status":"closed","ping_status":"closed","sticky":false,"template":"","format":"standard","meta":{"footnotes":""},"categories":[67],"tags":[],"class_list":["post-6774","post","type-post","status-publish","format-standard","has-post-thumbnail","hentry","category-maaseutuleader-ajankohtaista-sv"],"_links":{"self":[{"href":"https:\/\/sameboat.fi\/sv\/wp-json\/wp\/v2\/posts\/6774","targetHints":{"allow":["GET"]}}],"collection":[{"href":"https:\/\/sameboat.fi\/sv\/wp-json\/wp\/v2\/posts"}],"about":[{"href":"https:\/\/sameboat.fi\/sv\/wp-json\/wp\/v2\/types\/post"}],"author":[{"embeddable":true,"href":"https:\/\/sameboat.fi\/sv\/wp-json\/wp\/v2\/users\/12"}],"replies":[{"embeddable":true,"href":"https:\/\/sameboat.fi\/sv\/wp-json\/wp\/v2\/comments?post=6774"}],"version-history":[{"count":1,"href":"https:\/\/sameboat.fi\/sv\/wp-json\/wp\/v2\/posts\/6774\/revisions"}],"predecessor-version":[{"id":6775,"href":"https:\/\/sameboat.fi\/sv\/wp-json\/wp\/v2\/posts\/6774\/revisions\/6775"}],"wp:featuredmedia":[{"embeddable":true,"href":"https:\/\/sameboat.fi\/sv\/wp-json\/wp\/v2\/media\/6772"}],"wp:attachment":[{"href":"https:\/\/sameboat.fi\/sv\/wp-json\/wp\/v2\/media?parent=6774"}],"wp:term":[{"taxonomy":"category","embeddable":true,"href":"https:\/\/sameboat.fi\/sv\/wp-json\/wp\/v2\/categories?post=6774"},{"taxonomy":"post_tag","embeddable":true,"href":"https:\/\/sameboat.fi\/sv\/wp-json\/wp\/v2\/tags?post=6774"}],"curies":[{"name":"wp","href":"https:\/\/api.w.org\/{rel}","templated":true}]}}