{"id":6738,"date":"2022-09-27T08:43:05","date_gmt":"2022-09-27T05:43:05","guid":{"rendered":"https:\/\/sameboat.fi\/?p=6738"},"modified":"2022-09-27T08:50:45","modified_gmt":"2022-09-27T05:50:45","slug":"biodiversitet-med-foreningskraft","status":"publish","type":"post","link":"https:\/\/sameboat.fi\/sv\/biodiversitet-med-foreningskraft","title":{"rendered":"Biodiversitet med f\u00f6reningskraft!"},"content":{"rendered":"<p><!-- VideographyWP Plugin Message: Automatic video embedding prevented by plugin options. --><br \/>\n<em>F\u00f6reningen Myn\u00e4m\u00e4en Asemanseudun Kyl\u00e4t i Wirmo fr\u00e4mjar h\u00e5llbar utveckling genom konkreta \u00e5tg\u00e4rder f\u00f6r den omgivande naturens och alla bybornas b\u00e4sta. Naturens m\u00e5ngfald \u00e4r nyckelordet: ett biodiversitetsomr\u00e5de mitt i byn \u00e4r under f\u00f6rberedelse, och det st\u00f6rsta insekthotellet i byn har redan byggts! \u00a0Skr\u00e4pinsamlingskampanjen rullar p\u00e5, och i v\u00e5ras ordnades diskussionstillf\u00e4llen, d\u00e4r man med hj\u00e4lp av sakkunniga fick praktisk information bl a om bek\u00e4mpning av fr\u00e4mmande arter och hur det g\u00e5r till att fr\u00e4mja biodiversitet i sin egen tr\u00e4dg\u00e5rd.<\/em><\/p>\n<p>Asmandia \u00e4r ett rekreationsomr\u00e5de, som f\u00f6reningen Myn\u00e4m\u00e4en Asemanseudun Kyl\u00e4t sk\u00f6ter i Wirmo. F\u00f6reningen utarbetade en biodiversitetsfr\u00e4mjande markanv\u00e4ndningsplan f\u00f6r Asmandia under sommaren och h\u00f6sten 2022. Omr\u00e5dets vegetation inventerades, och m\u00e5nga olika \u00e4ngv\u00e4xtarter hittades. N\u00e4sta sommar kommer det att byggas en biodiversitetskorridor med blomstertr\u00e4d och -buskar fr\u00e5n skogs\u00e4ndan till \u00e5n. Tanken \u00e4r att alla v\u00e4xter i korridoren doneras av byborna, och att de binder sig att under det f\u00f6rsta \u00e5ret ta hand om de v\u00e4xter de har planterat. V\u00e4xtarterna v\u00e4ljs s\u00e5 att de pollinerande insekterna f\u00e5r n\u00e4ring under hela v\u00e4xtperioden. N\u00e4r tr\u00e4d och andra v\u00e4xter b\u00e4r frukt, f\u00e5r alla bes\u00f6kare \u2013 b\u00e5de m\u00e4nniskor och djur \u2013 fritt smaka p\u00e5 dem.<\/p>\n<figure id=\"attachment_6726\" aria-describedby=\"caption-attachment-6726\" style=\"width: 2105px\" class=\"wp-caption alignnone\"><img loading=\"lazy\" decoding=\"async\" class=\"size-full wp-image-6726\" src=\"https:\/\/sameboat.fi\/content\/uploads\/2022\/09\/ahomansikka-asmandiassa.jpg\" alt=\"\" width=\"2105\" height=\"1929\" srcset=\"https:\/\/sameboat.fi\/content\/uploads\/2022\/09\/ahomansikka-asmandiassa.jpg 2105w, https:\/\/sameboat.fi\/content\/uploads\/2022\/09\/ahomansikka-asmandiassa-768x704.jpg 768w, https:\/\/sameboat.fi\/content\/uploads\/2022\/09\/ahomansikka-asmandiassa-1536x1408.jpg 1536w, https:\/\/sameboat.fi\/content\/uploads\/2022\/09\/ahomansikka-asmandiassa-2048x1877.jpg 2048w\" sizes=\"auto, (max-width: 2105px) 100vw, 2105px\" \/><figcaption id=\"caption-attachment-6726\" class=\"wp-caption-text\">P\u00e5 Asmandias \u00e4ngar v\u00e4xer bl a smultron. Foto: Minna Hautio<\/figcaption><\/figure>\n<p>&#8211; Minskning i artm\u00e5ngfalden \u00e4r ett v\u00e4lk\u00e4nt faktum, och vi kunde alla g\u00f6ra mycket f\u00f6r att hindra det, om vi bara visste hur. N\u00e4r vi utvecklar Asmandias naturomgivning p\u00e5 ett m\u00e5ngsidigt s\u00e4tt, m\u00e5r omr\u00e5det b\u00e4ttre och betj\u00e4nar alla, b\u00e5de naturen och m\u00e4nniskan. Genom v\u00e5rt arbete kan vi sprida information och ge praktiska exempel till omr\u00e5dets inv\u00e5nare, vad man kan g\u00f6ra f\u00f6r att fr\u00e4mja biodiversiteten. Som viktiga referensgrupper f\u00f6r oss \u00e4r den n\u00e4ra bel\u00e4gna skolan och naturdaghemmet, vilka kan anv\u00e4nda Asmandia i sin milj\u00f6uppfostran, konstaterar f\u00f6reningens sekreterare Minna Hautio.<\/p>\n<p>F\u00f6reningen ville fasta uppm\u00e4rksamhet \u00e4ven vid nedskr\u00e4pning. Inv\u00e5nare i omr\u00e5det uppmanades att f\u00e4sta ett klisterm\u00e4rke i soptunnan i sin fastighet, som en signal till den som passerar f\u00f6rbi, att det \u00e4r till\u00e5tet att l\u00e4mna skr\u00e4p som hittats p\u00e5 marken i soptunnan. F\u00f6reningen har ocks\u00e5 skaffat klisterm\u00e4rkta soptunnor vid olika cykelv\u00e4gar.<\/p>\n<figure id=\"attachment_6728\" aria-describedby=\"caption-attachment-6728\" style=\"width: 2560px\" class=\"wp-caption alignnone\"><img loading=\"lazy\" decoding=\"async\" class=\"size-full wp-image-6728\" src=\"https:\/\/sameboat.fi\/content\/uploads\/2022\/09\/marjut-ja-tarra-scaled.jpg\" alt=\"\" width=\"2560\" height=\"2324\" srcset=\"https:\/\/sameboat.fi\/content\/uploads\/2022\/09\/marjut-ja-tarra-scaled.jpg 2560w, https:\/\/sameboat.fi\/content\/uploads\/2022\/09\/marjut-ja-tarra-768x697.jpg 768w, https:\/\/sameboat.fi\/content\/uploads\/2022\/09\/marjut-ja-tarra-1536x1394.jpg 1536w, https:\/\/sameboat.fi\/content\/uploads\/2022\/09\/marjut-ja-tarra-2048x1859.jpg 2048w\" sizes=\"auto, (max-width: 2560px) 100vw, 2560px\" \/><figcaption id=\"caption-attachment-6728\" class=\"wp-caption-text\">F\u00f6reningens viceordf\u00f6rande Marjut Renvall f\u00e4ster ett klisterm\u00e4rke p\u00e5 Asmandias soptunna. Foto: Minna Hautio<\/figcaption><\/figure>\n<p>F\u00f6reningsaktiva byggde ocks\u00e5 det st\u00f6rsta insekthotellet i byn. Syftet var att hj\u00e4lpa insekter att \u00f6vervintra och samtidigt uppmuntra byborna att installera insekthotell ocks\u00e5 p\u00e5 sina egna g\u00e5rdar.<\/p>\n<p>&#8211; Vi bj\u00f6d andra f\u00f6reningar och gemenskaper att \u201dinreda sitt eget rum\u201d i v\u00e5rt insekthotell. Detta v\u00e4ckte s\u00e5 mycket intresse, att kanske m\u00e5ste vi bygga ett till hotell, ber\u00e4ttar Minna Hautio.<\/p>\n<p>F\u00f6reningen har aktivt informerat om h\u00e5llbarhets\u00e5tg\u00e4rderna p\u00e5 sina websidor och i Facebook, vilket har lett till ett bra deltagande.<\/p>\n<p>&#8211; Diskussionstillf\u00e4llen i v\u00e5ras samlade m\u00e5nga intresserade. Klisterm\u00e4rken har g\u00e5tt \u00e5t s\u00e5 v\u00e4l att vi redan best\u00e4llde mera. Arbetet f\u00f6r biodiversitetskorriden har redan b\u00f6rjat, gl\u00e4djer sig Hautio.<\/p>\n<p><em>Myn\u00e4m\u00e4en Asemanseudun Kyl\u00e4t rf:s m\u00e5ls\u00e4ttning \u00e4r att fr\u00e4mja livskraft, trivsel och \u00a0dragningskraft i byarna i sitt verksamhetsomr\u00e5de. F\u00f6reningen registrerades \u00e5r 2010, men aktiv byaverksamhet har funnits redan under 40 \u00e5r i omr\u00e5det.<\/em><\/p>\n<p><em>Kontaktuppgifter: <a href=\"http:\/\/www.mynamaenasemanseutu.net\/\" target=\"_blank\" rel=\"noopener\">http:\/\/www.mynamaenasemanseutu.net\/<\/a>, Facebook:<a href=\"https:\/\/www.facebook.com\/groups\/681522935209819\" target=\"_blank\" rel=\"noopener\"> Asemanseudun ihmeet \/ luontopolku<\/a> sek\u00e4 <a href=\"https:\/\/www.facebook.com\/Asmandia-272179123656616\" target=\"_blank\" rel=\"noopener\">Asmandia<\/a><\/em><\/p>\n<p><em>Leader-gruppen Ravakka uppmuntrade f\u00f6reningar inom sitt verksamhetsomr\u00e5de att delta i EkoSparraamo, d\u00e4r f\u00f6reningar fick st\u00f6d f\u00f6r att planera skr\u00e4ddarsydda h\u00e5llbarhets\u00e5tg\u00e4rder i sina omr\u00e5den. M\u00e5nga av de \u00e5tg\u00e4rderna som n\u00e4mns i texten relaterar till EkoSppaamo-verksamheten och har f\u00e5tt finansiering fr\u00e5n Leader Ravakka.<\/em><\/p>\n<p>Bilden p\u00e5 framsidan: I insekthotellet som finns i Asmandia kan f\u00f6reningar och andra gemenskaper boka \u201dett eget rum\u201d, som de kan inreda. Foto: Hannu Hynn\u00e4.<\/p>\n<p>&nbsp;<\/p>\n","protected":false},"excerpt":{"rendered":"<p>F\u00f6reningen Myn\u00e4m\u00e4en Asemanseudun Kyl\u00e4t i Wirmo fr\u00e4mjar h\u00e5llbar utveckling genom konkreta \u00e5tg\u00e4rder f\u00f6r den omgivande naturens och alla bybornas b\u00e4sta. Naturens m\u00e5ngfald \u00e4r nyckelordet: ett biodiversitetsomr\u00e5de mitt i byn \u00e4r under f\u00f6rberedelse, och det st\u00f6rsta insekthotellet i byn har redan byggts! \u00a0Skr\u00e4pinsamlingskampanjen rullar p\u00e5, och i v\u00e5ras ordnades diskussionstillf\u00e4llen, d\u00e4r man med hj\u00e4lp av sakkunniga [&hellip;]<\/p>\n","protected":false},"author":12,"featured_media":6735,"comment_status":"closed","ping_status":"closed","sticky":false,"template":"","format":"standard","meta":{"footnotes":""},"categories":[67],"tags":[],"class_list":["post-6738","post","type-post","status-publish","format-standard","has-post-thumbnail","hentry","category-maaseutuleader-ajankohtaista-sv"],"_links":{"self":[{"href":"https:\/\/sameboat.fi\/sv\/wp-json\/wp\/v2\/posts\/6738","targetHints":{"allow":["GET"]}}],"collection":[{"href":"https:\/\/sameboat.fi\/sv\/wp-json\/wp\/v2\/posts"}],"about":[{"href":"https:\/\/sameboat.fi\/sv\/wp-json\/wp\/v2\/types\/post"}],"author":[{"embeddable":true,"href":"https:\/\/sameboat.fi\/sv\/wp-json\/wp\/v2\/users\/12"}],"replies":[{"embeddable":true,"href":"https:\/\/sameboat.fi\/sv\/wp-json\/wp\/v2\/comments?post=6738"}],"version-history":[{"count":1,"href":"https:\/\/sameboat.fi\/sv\/wp-json\/wp\/v2\/posts\/6738\/revisions"}],"predecessor-version":[{"id":6739,"href":"https:\/\/sameboat.fi\/sv\/wp-json\/wp\/v2\/posts\/6738\/revisions\/6739"}],"wp:featuredmedia":[{"embeddable":true,"href":"https:\/\/sameboat.fi\/sv\/wp-json\/wp\/v2\/media\/6735"}],"wp:attachment":[{"href":"https:\/\/sameboat.fi\/sv\/wp-json\/wp\/v2\/media?parent=6738"}],"wp:term":[{"taxonomy":"category","embeddable":true,"href":"https:\/\/sameboat.fi\/sv\/wp-json\/wp\/v2\/categories?post=6738"},{"taxonomy":"post_tag","embeddable":true,"href":"https:\/\/sameboat.fi\/sv\/wp-json\/wp\/v2\/tags?post=6738"}],"curies":[{"name":"wp","href":"https:\/\/api.w.org\/{rel}","templated":true}]}}