{"id":6710,"date":"2022-09-26T06:53:26","date_gmt":"2022-09-26T03:53:26","guid":{"rendered":"https:\/\/sameboat.fi\/?p=6710"},"modified":"2022-09-27T08:35:12","modified_gmt":"2022-09-27T05:35:12","slug":"tankar-kring-hallbarhet-mot-hallbart-liv-i-houtskar","status":"publish","type":"post","link":"https:\/\/sameboat.fi\/sv\/tankar-kring-hallbarhet-mot-hallbart-liv-i-houtskar","title":{"rendered":"Tankar kring h\u00e5llbarhet &#8211; mot h\u00e5llbart liv i Houtsk\u00e4r"},"content":{"rendered":"<p><!-- VideographyWP Plugin Message: Automatic video embedding prevented by plugin options. --><br \/>\n<strong><em>Vad \u00e4r h\u00e5llbarhet? Vad kan jag g\u00f6ra? Kan man leva h\u00e5llbart? Dessa och m\u00e5nga andra fr\u00e5gor \u00e4r bekanta f\u00f6r m\u00e5nga av oss som funderat \u00f6ver h\u00e5llbarhet. Fr\u00e5gorna \u00e4r m\u00e5nga, men s\u00e5 \u00e4r ocks\u00e5 svaren &#8211; det finns o\u00e4ndligt m\u00e5nga s\u00e4tt att ta itu med h\u00e5llbarhet. H\u00e4r delar Kristiina Rainio och Janne G\u00f6ransson fr\u00e5n Saverkeit i Houtsk\u00e4r av sina erfarenheter med oss.<\/em><\/strong><\/p>\n<p><em>Vad betyder h\u00e5llbarhet f\u00f6r er? <\/em><\/p>\n<p>B\u00e5de i sm\u00e5tt och i stort handlar det om <em>att ta hand om sitt eget<\/em> p\u00e5 n\u00e5got s\u00e4tt. Att inte l\u00e4mna skr\u00e4p efter sig, eller s\u00e5dant som inte g\u00e5r att g\u00f6ra n\u00e5gonting \u00e5t. Att inte n\u00e5gon annan beh\u00f6ver ta hand om det efter\u00e5t. Det g\u00e4ller p\u00e5 alla niv\u00e5er. Vi lever ju i en tid, d\u00e4r allt vi g\u00f6r har p\u00e5verkan \u00f6ver hela v\u00e4rlden. I varierande grad kan man g\u00f6ra n\u00e5got \u00e5t det, ta ansvar \u00f6ver det man kan, <em>s\u00e5 l\u00e5ngt mina armar r\u00e4cker<\/em>, d\u00e4r g\u00f6r jag det som \u00e4r rimligt.<\/p>\n<p>F\u00f6r oss g\u00e4ller det ocks\u00e5 att leva av det som naturen kan ge.\u00a0 Att producera sj\u00e4lv kr\u00e4ver nog mycket tid, d\u00e5 man ocks\u00e5 l\u00f6nearbetar, \u00e4r det sv\u00e5rt att kombinera, att hinna med allt.<\/p>\n<p><em>Hur ser det ut med h\u00e5llbarhet i er vardag?<\/em><\/p>\n<p>H\u00e5llbarhet i praktiken \u00e4r kanske, att vi \u00e4r ivriga att odla och f\u00f6r\u00e4dla, vi \u00e4ter \u00e5rstidens produkter &#8211; det g\u00e4ller att orka g\u00f6ra medvetna val. Vi g\u00f6r ocks\u00e5 mycket av det vi beh\u00f6ver, i st\u00e4llet f\u00f6r att k\u00f6pa.<\/p>\n<p>Ocks\u00e5 <em>den sociala sidan av h\u00e5llbarheten<\/em> g\u00e4ller: att orka vara en god granne, en bra v\u00e4n, att m\u00f6tas, att ge tid att prata. Det kan dock vara sv\u00e5rt att uppn\u00e5 den sociala h\u00e5llbarheten, att t ex kunna spontant umg\u00e5s med grannar. Det inneb\u00e4r ocks\u00e5 att ta hand om sig sj\u00e4lv, att hitta en dygnsrytm, ge sig tid att l\u00e4sa, sova, \u00e4ta frukost.<\/p>\n<p><em>H\u00e5llbarhetsaktiviteter i Houtsk\u00e4r<\/em><\/p>\n<p>Vi organiserade <em>h\u00e5llbarhetsveckan<\/em> p\u00e5 eget initiativ h\u00e4r i Houtsk\u00e4r i november 2019. Det var ett ambiti\u00f6st uppl\u00e4gg: f\u00f6rel\u00e4sningar, recensioner och praktiska saker vi gjorde. Id\u00e9en var att \u00f6ppna ett samtal, att prata om klimat\u00e5ngest, hur m\u00f6ter vi den, att den inte blir en h\u00e4mnande tanke, att man kommer vidare. Det kom kanske inte s\u00e5 mycket m\u00e4nniskor, men helt bra med tanke p\u00e5 hur m\u00e5nga vi \u00e4r i Houtsk\u00e4r. Efter h\u00e5llbarhetsveckan var st\u00e4mningen mycket hoppfull &#8211; som om det skulle b\u00f6rja n\u00e5gonting nu, men som sen st\u00e4ngdes av p g a corona.<\/p>\n<p><img loading=\"lazy\" decoding=\"async\" class=\"alignnone size-full wp-image-6715\" src=\"https:\/\/sameboat.fi\/content\/uploads\/2022\/09\/kylaviljelma-kyltti2-scaled.jpg\" alt=\"\" width=\"2560\" height=\"1920\" srcset=\"https:\/\/sameboat.fi\/content\/uploads\/2022\/09\/kylaviljelma-kyltti2-scaled.jpg 2560w, https:\/\/sameboat.fi\/content\/uploads\/2022\/09\/kylaviljelma-kyltti2-768x576.jpg 768w, https:\/\/sameboat.fi\/content\/uploads\/2022\/09\/kylaviljelma-kyltti2-1536x1152.jpg 1536w, https:\/\/sameboat.fi\/content\/uploads\/2022\/09\/kylaviljelma-kyltti2-2048x1536.jpg 2048w\" sizes=\"auto, (max-width: 2560px) 100vw, 2560px\" \/><\/p>\n<p><em>Vi har startat en liten byaodling i Houtsk\u00e4rs centrum. <\/em>\u00a0Vi har tagit n\u00e5gra odlingsl\u00e5dor till parken, inspirerad av stadsodling. Tanken \u00e4r att odla tillsammans, att visa till barn och vuxna, att det g\u00e5r att skapa en plats som inte \u00e4r bara huller och buller \u2013 utan, att h\u00e4r v\u00e4xer det n\u00e5gonting, h\u00e4r kan ni komma och stanna en liten stund! Vi vill visa n\u00e5got annat, \u00e4n att allt ska vara effektivt och kostsamt. Vi har varit d\u00e4r tillsammans med dagisbarnen, bjudit dem till en tr\u00e4dg\u00e5rdsstund. Barn och vuxna kan smaka, ocks\u00e5 ta med n\u00e5gonting, t ex \u00e4rtor &#8211; och det beh\u00f6ver inte kosta n\u00e5gonting. Vi kommer att g\u00f6ra \u00e4nnu lekfulla fr\u00e5gor till barn, fr\u00e5gor som inspirerar dem, som de kan k\u00e4nna igen. Till exempel: \u00a0Kan du hitta en tomattjuv? Vi vill uppmuntra barnen att smaka p\u00e5 \u00f6rter, \u00f6rter som smakar, kanel eller citron, lite som en lek.<\/p>\n<p>Det finns i tankarna att ocks\u00e5 skapa en <em>biodiversitetspark<\/em><strong>,<\/strong> d\u00e4r det finns blommor f\u00f6r pollinerare, s\u00e5dana som b\u00e5de bin och fj\u00e4rilar tycker om, och mycket annat.<\/p>\n<p>Texten baserar sig p\u00e5 ett samtal med Kristiina Rainio och Janne G\u00f6ransson den 17 juni 2022.<\/p>\n","protected":false},"excerpt":{"rendered":"<p>Vad \u00e4r h\u00e5llbarhet? Vad kan jag g\u00f6ra? Kan man leva h\u00e5llbart? Dessa och m\u00e5nga andra fr\u00e5gor \u00e4r bekanta f\u00f6r m\u00e5nga av oss som funderat \u00f6ver h\u00e5llbarhet. Fr\u00e5gorna \u00e4r m\u00e5nga, men s\u00e5 \u00e4r ocks\u00e5 svaren &#8211; det finns o\u00e4ndligt m\u00e5nga s\u00e4tt att ta itu med h\u00e5llbarhet. H\u00e4r delar Kristiina Rainio och Janne G\u00f6ransson fr\u00e5n Saverkeit i [&hellip;]<\/p>\n","protected":false},"author":12,"featured_media":6737,"comment_status":"closed","ping_status":"closed","sticky":false,"template":"","format":"standard","meta":{"footnotes":""},"categories":[67,50],"tags":[],"class_list":["post-6710","post","type-post","status-publish","format-standard","has-post-thumbnail","hentry","category-maaseutuleader-ajankohtaista-sv","category-okategoriserad"],"_links":{"self":[{"href":"https:\/\/sameboat.fi\/sv\/wp-json\/wp\/v2\/posts\/6710","targetHints":{"allow":["GET"]}}],"collection":[{"href":"https:\/\/sameboat.fi\/sv\/wp-json\/wp\/v2\/posts"}],"about":[{"href":"https:\/\/sameboat.fi\/sv\/wp-json\/wp\/v2\/types\/post"}],"author":[{"embeddable":true,"href":"https:\/\/sameboat.fi\/sv\/wp-json\/wp\/v2\/users\/12"}],"replies":[{"embeddable":true,"href":"https:\/\/sameboat.fi\/sv\/wp-json\/wp\/v2\/comments?post=6710"}],"version-history":[{"count":5,"href":"https:\/\/sameboat.fi\/sv\/wp-json\/wp\/v2\/posts\/6710\/revisions"}],"predecessor-version":[{"id":6723,"href":"https:\/\/sameboat.fi\/sv\/wp-json\/wp\/v2\/posts\/6710\/revisions\/6723"}],"wp:featuredmedia":[{"embeddable":true,"href":"https:\/\/sameboat.fi\/sv\/wp-json\/wp\/v2\/media\/6737"}],"wp:attachment":[{"href":"https:\/\/sameboat.fi\/sv\/wp-json\/wp\/v2\/media?parent=6710"}],"wp:term":[{"taxonomy":"category","embeddable":true,"href":"https:\/\/sameboat.fi\/sv\/wp-json\/wp\/v2\/categories?post=6710"},{"taxonomy":"post_tag","embeddable":true,"href":"https:\/\/sameboat.fi\/sv\/wp-json\/wp\/v2\/tags?post=6710"}],"curies":[{"name":"wp","href":"https:\/\/api.w.org\/{rel}","templated":true}]}}