{"id":5988,"date":"2022-02-22T11:43:10","date_gmt":"2022-02-22T09:43:10","guid":{"rendered":"https:\/\/sameboat.fi\/he-kalastavat-kaikille"},"modified":"2022-06-03T13:38:18","modified_gmt":"2022-06-03T10:38:18","slug":"he-kalastavat-kaikille","status":"publish","type":"post","link":"https:\/\/sameboat.fi\/sv\/he-kalastavat-kaikille","title":{"rendered":"De som fiskar f\u00f6r alla"},"content":{"rendered":"<p><!-- VideographyWP Plugin Message: Automatic video embedding prevented by plugin options. --><br \/>\n30.4.2020<\/p>\n<div class=\"et_lb_module et_lb_column et_lb_1_2 et_lb_first\">\n<div class=\"et_lb_module et_lb_text_block\">\n<p><span lang=\"SV-FI\">S\u00e5 h\u00e4r p\u00e5 aftonen till det finska arbetets festdag \u00e4r hela Sk\u00e4rg\u00e5rdshavets yrkesfiskark\u00e5r och de positiva samh\u00e4lleliga effekterna av deras arbete i tur att presenteras. Fiskarens arbete \u00e4r att fiska f\u00f6r alla, och som biprodukt gynnas havet och klimatet. V\u00e5ra hj\u00e4ltar vill vara med och f\u00f6rverkliga det inhemska fiskets befr\u00e4mjandeprogran som finns inskrivet i Finlands regeringsprogram.<\/span><\/p>\n<p><span lang=\"SV-FI\">Det inhemska fiskets befr\u00e4mjandeprogram bereds som b\u00e4st, och dess m\u00e5ls\u00e4ttning \u00e4r som namnet anger att \u00f6ka anv\u00e4ndningen av den inhemska fisken.\u00a0<\/span><span lang=\"SV-FI\">Sj\u00e4lvf\u00f6rs\u00f6rjningsgraden f\u00f6r de finska fiskprodukterna \u00e4r mera bara ca 20 procent, av vilket andelen fisk f\u00e5ngad i havet \u00e4r n\u00e5gra procent.<\/span><\/p>\n<p>&nbsp;<\/p>\n<\/div>\n<\/div>\n<div class=\"et_lb_module et_lb_column et_lb_1_2\">\n<div class=\"et_lb_module et_lb_image\">\n<div class=\"et_lb_module_content\">\n<div class=\"et_lb_module_content_inner clearfix\">\n<div class=\"et_lb_image_box\"><a class=\"fancybox\" title=\"\" href=\"https:\/\/www.sameboat.fi\/wp-content\/uploads\/2020\/04\/Kalastajat-risteilyll%C3%A4-2018-s%C3%A4%C3%A4detty.jpg\"><picture class=\"sp-no-webp\" title=\"\"><source srcset=\"https:\/\/www.sameboat.fi\/wp-content\/uploads\/2020\/04\/Kalastajat-risteilyll\u00e4-2018-s\u00e4\u00e4detty.webp\" type=\"image\/webp\" \/><source srcset=\"https:\/\/www.sameboat.fi\/wp-content\/uploads\/2020\/04\/Kalastajat-risteilyll\u00e4-2018-s\u00e4\u00e4detty.jpg\" type=\"image\/jpeg\" \/><img decoding=\"async\" class=\"sp-no-webp\" title=\"\" src=\"https:\/\/www.sameboat.fi\/wp-content\/uploads\/2020\/04\/Kalastajat-risteilyll%C3%A4-2018-s%C3%A4%C3%A4detty.jpg\" srcset=\"https:\/\/www.sameboat.fi\/wp-content\/uploads\/2020\/04\/Kalastajat-risteilyll\u00e4-2018-s\u00e4\u00e4detty.jpg\" alt=\"\" \/><\/picture><\/a><\/div>\n<\/div>\n<\/div>\n<\/div>\n<\/div>\n<div class=\"et_lb_module et_lb_column et_lb_resizable et_lb_first\">\n<div class=\"et_lb_module et_lb_text_block\">\n<p>Genom att \u00f6ka anv\u00e4ndningen av fisk efterstr\u00e4var man flera samh\u00e4lleliga positiva effekter. Det skapar arbetsplatser och utkomst, inverkar positivt p\u00e5 m\u00e4nniskornas h\u00e4lsa och minskar kostens klimatp\u00e5verkan. Koldioxidavtrycket av den finska naturfisken \u00e4r ungef\u00e4r tio g\u00e5nger mindre \u00e4n f\u00f6r n\u00f6tk\u00f6tt och ungef\u00e4r tre g\u00e5nger mindre \u00e4n f\u00f6r gris- eller broilerk\u00f6tt.<\/p>\n<p>Anv\u00e4ndningen av inhemsk naturfisk minskar \u00e4ven n\u00e4ringsbelastningen i v\u00e5ra vatten. Med varje ton av fisk som tas upp fr\u00e5n vattnen avl\u00e4gsnas 4-8 kilo (beroende p\u00e5 fiskarten) belastande fosfor. Med Sk\u00e4rg\u00e5rdshavets hj\u00e4ltars f\u00e5ngst*) avl\u00e4gsnas ungef\u00e4r 100 ton fosfor p\u00e5 \u00e5rsniv\u00e5 fr\u00e5n havet. Det h\u00e4r \u00e4r ungef\u00e4r h\u00e4lften av den fosform\u00e4ngd som de fyra st\u00f6rsta \u00e5arna som mynnar ut i Sk\u00e4rg\u00e5rdshavet f\u00f6r med sig till havet ett normalt \u00e5r.<\/p>\n<p>Fisket har \u00e4ven en stor lokal betydelse f\u00f6r uppr\u00e4tth\u00e5llandet av sk\u00e4rg\u00e5rdens livskraft och kultur. \u00a0Sk\u00e4rg\u00e5rden h\u00e5lls levande tack vare de m\u00e4nniskor som \u00e4r fastboende d\u00e4r. Endast en levande sk\u00e4rg\u00e5rd klarar av att producera service, \u00e4ven \u00e5t turister. Ungef\u00e4r 70 heltids- och 120 bin\u00e4ringsyrkesfiskare uppr\u00e4tth\u00e5ller livskraften i sk\u00e4rg\u00e5rden och kusten i Sk\u00e4rg\u00e5rdshavet.<\/p>\n<p>Den inhemska fisken \u00e4r s\u00e5ledes mycket, mycket mera \u00e4n bara gott att \u00e4ta.<\/p>\n<p>F\u00f6r att befr\u00e4mjandeprogrammets m\u00e5ls\u00e4ttningar skall kunna f\u00f6rverkligas, beh\u00f6ver det f\u00f6rst\u00e5ss erbjuda verktyg f\u00f6r att s\u00e4kra prim\u00e4rproduktionens verksamhetsf\u00f6ruts\u00e4ttningar och kontinuitet. I fiskarnas verksamhetsmilj\u00f6 betyder detta snabba \u00e5tg\u00e4rder f\u00f6r att minska s\u00e4l- och skarvskador samt att fr\u00e4mja havets goda tillst\u00e5nd. N\u00e4r verksamhetsmilj\u00f6n f\u00e5s i skick, kommer det s\u00e4kert nya fiskare.<\/p>\n<p>Sk\u00e4rg\u00e5rdshavets yrkesfiskare f\u00f6rtj\u00e4nar tack f\u00f6r sina v\u00e4rdefulla livsarbeten till nytta f\u00f6r oss fisk\u00e4tande konsumenter, \u00d6stersj\u00f6n och klimatet! Jag tror, att den inhemska fiskens befr\u00e4mjandeprogram \u00e4r ett verktyg p\u00e5 er f\u00e4rd mot en ljus framtid!<\/p>\n<p>&nbsp;<\/p>\n<p>*) Str\u00f6mming, vassbuk och nors sammanlagt 20 &#8211; 25 Mkg. De \u00f6vriga arterna ca 1 Mkg.<\/p>\n<p>Bilden \u00e4r tagen p\u00e5 fiskarnas informations- och skolningskryssning i februari 2018. P\u00e5 bilden finns \u00e4ven yrkesfiskare fr\u00e5n Bottenhavet.<\/p>\n<p>#fiskf\u00f6ralla<\/p>\n<p>#fiskf\u00f6rstadsborna<\/p>\n<p>#respect<\/p>\n<\/div>\n<\/div>\n","protected":false},"excerpt":{"rendered":"<p>30.4.2020 S\u00e5 h\u00e4r p\u00e5 aftonen till det finska arbetets festdag \u00e4r hela Sk\u00e4rg\u00e5rdshavets yrkesfiskark\u00e5r och de positiva samh\u00e4lleliga effekterna av deras arbete i tur att presenteras. Fiskarens arbete \u00e4r att fiska f\u00f6r alla, och som biprodukt gynnas havet och klimatet. V\u00e5ra hj\u00e4ltar vill vara med och f\u00f6rverkliga det inhemska fiskets befr\u00e4mjandeprogran som finns inskrivet i [&hellip;]<\/p>\n","protected":false},"author":2,"featured_media":5578,"comment_status":"closed","ping_status":"closed","sticky":false,"template":"","format":"standard","meta":{"footnotes":""},"categories":[57],"tags":[],"class_list":["post-5988","post","type-post","status-publish","format-standard","has-post-thumbnail","hentry","category-kalaleader-blogi-rannikollamme-on-sankareita-sv"],"_links":{"self":[{"href":"https:\/\/sameboat.fi\/sv\/wp-json\/wp\/v2\/posts\/5988","targetHints":{"allow":["GET"]}}],"collection":[{"href":"https:\/\/sameboat.fi\/sv\/wp-json\/wp\/v2\/posts"}],"about":[{"href":"https:\/\/sameboat.fi\/sv\/wp-json\/wp\/v2\/types\/post"}],"author":[{"embeddable":true,"href":"https:\/\/sameboat.fi\/sv\/wp-json\/wp\/v2\/users\/2"}],"replies":[{"embeddable":true,"href":"https:\/\/sameboat.fi\/sv\/wp-json\/wp\/v2\/comments?post=5988"}],"version-history":[{"count":0,"href":"https:\/\/sameboat.fi\/sv\/wp-json\/wp\/v2\/posts\/5988\/revisions"}],"wp:featuredmedia":[{"embeddable":true,"href":"https:\/\/sameboat.fi\/sv\/wp-json\/wp\/v2\/media\/5578"}],"wp:attachment":[{"href":"https:\/\/sameboat.fi\/sv\/wp-json\/wp\/v2\/media?parent=5988"}],"wp:term":[{"taxonomy":"category","embeddable":true,"href":"https:\/\/sameboat.fi\/sv\/wp-json\/wp\/v2\/categories?post=5988"},{"taxonomy":"post_tag","embeddable":true,"href":"https:\/\/sameboat.fi\/sv\/wp-json\/wp\/v2\/tags?post=5988"}],"curies":[{"name":"wp","href":"https:\/\/api.w.org\/{rel}","templated":true}]}}