{"id":5896,"date":"2022-02-22T15:32:03","date_gmt":"2022-02-22T13:32:03","guid":{"rendered":"https:\/\/sameboat.fi\/timo-marjunen-och-santtu-marjunen"},"modified":"2022-05-18T16:04:31","modified_gmt":"2022-05-18T13:04:31","slug":"timo-marjunen-och-santtu-marjunen","status":"publish","type":"post","link":"https:\/\/sameboat.fi\/sv\/timo-marjunen-och-santtu-marjunen","title":{"rendered":"Timo Marjunen och Santtu Marjunen"},"content":{"rendered":"<p><!-- VideographyWP Plugin Message: Automatic video embedding prevented by plugin options. --><\/p>\n<div class=\"et_lb_module et_lb_column et_lb_resizable et_lb_first\">\n<div class=\"et_lb_module et_lb_text_block\">\n<p>1.1.2021<\/p>\n<\/div>\n<\/div>\n<div class=\"et_lb_module et_lb_column et_lb_1_2 et_lb_first\">\n<div class=\"et_lb_module et_lb_text_block\">\n<p>Timo Marjunens far var en yrkesfiskare fr\u00e5n T\u00f6vsala, och modern var av fiskarsl\u00e4kte fr\u00e5n Hempsaari i Velkua. Det f\u00f6ddes nio pojkar till familjen, av vilka fem blev fiskare. Den yngsta i br\u00f6draskaran, Timo som f\u00f6ddes 1954, besl\u00f6t dock f\u00f6rst pr\u00f6va p\u00e5 annat arbete. Jobben som m\u00f6belf\u00f6rs\u00e4ljare och svetsare fick till slut anst\u00e5. Blodet drogs till k\u00e4nda landskap och till havet. Han \u00e5terv\u00e4nde i slutet av 1970-talet med sin familj till hemg\u00e5rden vid Marjuksenranta i T\u00f6vsala, efter att hans pensionerade f\u00f6r\u00e4ldrar flyttat till kyrkbyn.<\/p>\n<p>En av Timo och Merja Marjunens tre s\u00f6ner har valt faderns yrke. Santtu Marjunen som f\u00f6ddes 1976 h\u00f6r till Sk\u00e4rg\u00e5rdshavets yngsta yrkesfiskare. Han ber\u00e4ttar att han l\u00e4rt sig fiskarens arbete av sin far men ocks\u00e5 av att g\u00f6ra sj\u00e4lv \u00e4nda fr\u00e5n att han var en liten pojke. Fisk b\u00f6rjade samlas till f\u00f6rs\u00e4ljning n\u00e4r Santtu gick i h\u00f6gstadiet. Far och son talar respektfullt om varandra. De har egna f\u00f6retag, men vissa arbeten, s\u00e5som abborryssjefiske, kr\u00e4ver gemensam arbetsinsats.<\/p>\n<p>Timos fiskarkarri\u00e4r b\u00f6rjade med str\u00f6mmingsryssjefiske, men snart kom \u00e4ven abborrfiske med i bilden. P\u00e5 vintern fiskade man lake med krokar under is*). Familjens s\u00f6ner hade som vana att fara och vittja krokarna n\u00e4r de kom hem fr\u00e5n skolan. Timo fick i tiderna \u00e4ven goda g\u00e4ddf\u00e5ngster med grimn\u00e4t han sj\u00e4lv designat. Till slut blev g\u00e4ddfisket dock om\u00f6jligt, n\u00e4r n\u00e4ten b\u00f6rjade bli fulla av sm\u00e5braxen. Stora braxnar p\u00e5 flera kilo, som Timos far fick \u00e4nnu p\u00e5 1970-talet, kommer det inte mer. M\u00f6rt kommer det varierande, men \u00e4ven deras storlek har minskat.<\/p>\n<p>&nbsp;<\/p>\n<\/div>\n<\/div>\n<div class=\"et_lb_module et_lb_column et_lb_1_2\">\n<div class=\"et_lb_module et_lb_image\">\n<div class=\"et_lb_module_content\">\n<div class=\"et_lb_module_content_inner clearfix\">\n<div class=\"et_lb_image_box\"><a class=\"fancybox\" title=\"\" href=\"https:\/\/www.sameboat.fi\/wp-content\/uploads\/2021\/01\/Timo-Marjunen-2020-scaled.jpg\"><picture class=\"sp-no-webp\" title=\"\"><source srcset=\"https:\/\/www.sameboat.fi\/wp-content\/uploads\/2021\/01\/Timo-Marjunen-2020-scaled.webp\" type=\"image\/webp\" \/><source srcset=\"https:\/\/www.sameboat.fi\/wp-content\/uploads\/2021\/01\/Timo-Marjunen-2020-scaled.jpg\" type=\"image\/jpeg\" \/><img decoding=\"async\" class=\"sp-no-webp\" title=\"\" src=\"https:\/\/www.sameboat.fi\/wp-content\/uploads\/2021\/01\/Timo-Marjunen-2020-scaled.jpg\" srcset=\"https:\/\/www.sameboat.fi\/wp-content\/uploads\/2021\/01\/Timo-Marjunen-2020-scaled.jpg\" alt=\"\" \/><\/picture><\/a><\/div>\n<\/div>\n<\/div>\n<\/div>\n<\/div>\n<div class=\"et_lb_module et_lb_column et_lb_1_2 et_lb_first\">\n<div class=\"et_lb_module et_lb_text_block\">\n<p>Str\u00f6mmingsryssjefisket gav Timo upp f\u00f6r n\u00e5gra \u00e5r sedan, och han anser att det akt\u00f6rsvisa kvotsystemet inte passar f\u00f6r ryssjefisket.<\/p>\n<p>&#8211; Ryssjefiskarna \u00e4r helt beroende av att str\u00f6mmingen kommer till lekomr\u00e5dena. De kan inte fara ut efter f\u00e5ngsten. F\u00f6re lektiden samlas str\u00f6mmingarna p\u00e5 Velkuas och Ini\u00f6s djupbottnar, och om de i det h\u00e4r skedet tr\u00e5las bort, syns det klart i kustens ryssjef\u00e5ngster.<\/p>\n<p>Numera koncentreras Marjunens fiske p\u00e5 abborre och g\u00f6s. Abborrens ryssjes\u00e4song \u00e4r p\u00e5 v\u00e5ren och n\u00e4ts\u00e4songen b\u00e5de p\u00e5 v\u00e5ren och h\u00f6sten. I abborrf\u00e5ngsterna upplevdes ett topp\u00e5r 2018, men \u00e4ven \u00e5ret som nyss g\u00e5tt var bra. Abborryssjorna har byggts av yrkesfiskaren Eino Laaksonen fr\u00e5n T\u00f6vsala. N\u00e4ten m\u00e5ste bes\u00f6kas tv\u00e5 g\u00e5nger om dagen p\u00e5 grund av s\u00e4larna \u00e4ven under tiden med kallt vatten, och n\u00e4r vattnet \u00e4r varmt t.o.m. fyra g\u00e5nger om dagen. Santtu ber\u00e4ttar att han inte l\u00e4ngre binder sina n\u00e4t sj\u00e4lv.<\/p>\n<p>&#8211; Det k\u00e4nns mycket v\u00e4rre om s\u00e4larna river n\u00e4t som jag bundit sj\u00e4lv, \u00e4n om det \u00e4r k\u00f6pta n\u00e4t som rivs.<\/p>\n<p>&nbsp;<\/p>\n<\/div>\n<\/div>\n<div class=\"et_lb_module et_lb_column et_lb_1_2\">\n<div class=\"et_lb_module et_lb_image\">\n<div class=\"et_lb_module_content\">\n<div class=\"et_lb_module_content_inner clearfix\">\n<div class=\"et_lb_image_box\"><a class=\"fancybox\" title=\"\" href=\"https:\/\/www.sameboat.fi\/wp-content\/uploads\/2021\/01\/Santtu-Marjunen-23.12.2020-scaled.jpg\"><picture class=\"sp-no-webp\" title=\"\"><source srcset=\"https:\/\/www.sameboat.fi\/wp-content\/uploads\/2021\/01\/Santtu-Marjunen-23.12.2020-scaled.webp\" type=\"image\/webp\" \/><source srcset=\"https:\/\/www.sameboat.fi\/wp-content\/uploads\/2021\/01\/Santtu-Marjunen-23.12.2020-scaled.jpg\" type=\"image\/jpeg\" \/><img decoding=\"async\" class=\"sp-no-webp\" title=\"\" src=\"https:\/\/www.sameboat.fi\/wp-content\/uploads\/2021\/01\/Santtu-Marjunen-23.12.2020-scaled.jpg\" srcset=\"https:\/\/www.sameboat.fi\/wp-content\/uploads\/2021\/01\/Santtu-Marjunen-23.12.2020-scaled.jpg\" alt=\"\" \/><\/picture><\/a><\/div>\n<\/div>\n<\/div>\n<\/div>\n<\/div>\n<div class=\"et_lb_module et_lb_column et_lb_resizable et_lb_first\">\n<div class=\"et_lb_module et_lb_text_block\">\n<p>G\u00f6sf\u00e5ngsterna har de senaste \u00e5ren f\u00f6rs\u00e4mrats. S\u00e4larna f\u00f6ljer inte n\u00f6dv\u00e4ndigtvis abborrarna till innersk\u00e4rg\u00e5rden, men efter g\u00f6sarna f\u00f6ljer de. I b\u00f6rjan av 2000-talet b\u00f6rjade det redan vara mycket s\u00e4l p\u00e5 Hakkenp\u00e4\u00e4 omr\u00e5det n\u00e5gra kilometer s\u00f6der om Marjuksenranta. N\u00e4r g\u00f6sarna flydde s\u00e4larna norr\u00f6ver mot Rouhunaukko, var Marjunens f\u00e5ngster en tid goda. Nu finns det s\u00e4lar\u00a0 \u00e4ven\u00a0 p\u00e5\u00a0 Marjunens\u00a0 vatten,<\/p>\n<p>och g\u00f6sarna har flytt allt l\u00e4ngre in i Virmoviken. G\u00f6sfisket som i Sk\u00e4rg\u00e5rdshavet tidigare bedrivits p\u00e5 mycket stora omr\u00e5den och p\u00e5 fj\u00e4rdar har nu p\u00e5 grund av s\u00e4larna tvingats till strandn\u00e4ra, grunda vatten. Timo \u00e4r orolig f\u00f6r hur g\u00f6sbest\u00e5ndet klarar denna f\u00f6r\u00e4ndring.<\/p>\n<p>Det har skett \u00e4ven andra stora f\u00f6r\u00e4ndringar i havsmilj\u00f6n vid Rouhunaukko. Gr\u00e5suggorna tycks ha f\u00f6rsvunnit under de senaste \u00e5ren. Fj\u00e4dermyggornas tomma larvr\u00f6r ansamlades tidigare i m\u00e4ngder i strandvattnens skvalp, och de fullvuxna insekterna sv\u00e4rmade i svarta moln \u00f6ver \u00f6arna, men nu ser man dem inte mer. Timo minns, att n\u00e4r han som liten grabb v\u00e4nde p\u00e5 strandstenarna, s\u00e5 g\u00f6mde det sig en grupp sm\u00e5lakar under dem. Numera stirrar det en stensimpa i stenv\u00e4ndarens \u00f6gon.<\/p>\n<p>Redskapen smutsas mer \u00e4n tidigare och \u00e4r p\u00e5 grund av nedsmutsningen mera utsatta f\u00f6r str\u00f6mmar.<\/p>\n<p>&#8211; Tidigare h\u00f6lls en abborryssja p\u00e5 plats med ett tjugotal st\u00f6rar, men nu beh\u00f6vs det 30. Det kan h\u00e4nda, att \u00e4ven str\u00f6mmarna har blivit kraftigare, funderar Timo. \u00d6ronmaneter f\u00f6rekommer tidvis rikligt, och d\u00e5 \u00e4r n\u00e4tfisket om\u00f6jligt eftersom n\u00e4ten p\u00e5 grund av maneternas tyngd sjunker till botten. \u00c5r 2020 var alla tiders v\u00e4rsta manet\u00e5r p\u00e5 Marjunens fiskevatten.<\/p>\n<p>Far och son avser forts\u00e4tta med fisket \u201ds\u00e5 l\u00e4nge det fungerar\u201d, eller s\u00e5 l\u00e4nge som det g\u00e5r trots s\u00e4larna och skarvarna p\u00e5 deras fiskevatten. Santtu understryker, att f\u00f6r en fiskare som b\u00f6rjar \u00e4r det en tr\u00f6skelfr\u00e5ga att hitta goda fiskevatten.<\/p>\n<p>&#8211; Man m\u00e5ste ocks\u00e5 vara h\u00e5rd att f\u00f6rs\u00f6ka, och n\u00e4r fisken g\u00e5r till m\u00e5ste man vara beredd att arbeta utan att se p\u00e5 klockan eller v\u00e4dret.<\/p>\n<p>Timo har ett klart budskap till Finlands politiker:<\/p>\n<p>&#8211; EU borde inte anv\u00e4ndas som ryggst\u00f6d i beslutsfattandet. Saker kunde sk\u00f6tas ocks\u00e5 s\u00e5, att man hj\u00e4lper det egna folket.<\/p>\n<p>Tack Timo och Santtu f\u00f6r ert livsverk f\u00f6r oss fisk\u00e4tare och f\u00f6r Sk\u00e4rg\u00e5rdshavets v\u00e4l. Fantastiskt att detta viktiga yrke bevaras och fortg\u00e5r i er familj!<\/p>\n<p>&nbsp;<\/p>\n<p>*) Marjunens ansvarade under 2010-2011 f\u00f6r moderfiskf\u00e5ngsten samt utplanteringen av yngel i Airisto-Velkua fiskeomr\u00e5dets lakprojekt. Slutrapporten (p\u00e5 finska) inneh\u00e5ller intressant information om lakfiske samt om utvecklingen av lokala lakbest\u00e5nd\u00a0<a href=\"http:\/\/airistovelkua.fi\/wp\/wp-content\/uploads\/2014\/02\/LOPPURAPORTTI-FINAL.pdf\" target=\"_blank\" rel=\"noopener\">http:\/\/airistovelkua.fi\/wp\/wp-content\/uploads\/2014\/02\/LOPPURAPORTTI-FINAL.pdf<\/a><\/p>\n<\/div>\n<\/div>\n","protected":false},"excerpt":{"rendered":"<p>1.1.2021 Timo Marjunens far var en yrkesfiskare fr\u00e5n T\u00f6vsala, och modern var av fiskarsl\u00e4kte fr\u00e5n Hempsaari i Velkua. Det f\u00f6ddes nio pojkar till familjen, av vilka fem blev fiskare. Den yngsta i br\u00f6draskaran, Timo som f\u00f6ddes 1954, besl\u00f6t dock f\u00f6rst pr\u00f6va p\u00e5 annat arbete. Jobben som m\u00f6belf\u00f6rs\u00e4ljare och svetsare fick till slut anst\u00e5. Blodet drogs [&hellip;]<\/p>\n","protected":false},"author":2,"featured_media":5586,"comment_status":"closed","ping_status":"closed","sticky":false,"template":"","format":"standard","meta":{"footnotes":""},"categories":[57],"tags":[],"class_list":["post-5896","post","type-post","status-publish","format-standard","has-post-thumbnail","hentry","category-kalaleader-blogi-rannikollamme-on-sankareita-sv"],"_links":{"self":[{"href":"https:\/\/sameboat.fi\/sv\/wp-json\/wp\/v2\/posts\/5896","targetHints":{"allow":["GET"]}}],"collection":[{"href":"https:\/\/sameboat.fi\/sv\/wp-json\/wp\/v2\/posts"}],"about":[{"href":"https:\/\/sameboat.fi\/sv\/wp-json\/wp\/v2\/types\/post"}],"author":[{"embeddable":true,"href":"https:\/\/sameboat.fi\/sv\/wp-json\/wp\/v2\/users\/2"}],"replies":[{"embeddable":true,"href":"https:\/\/sameboat.fi\/sv\/wp-json\/wp\/v2\/comments?post=5896"}],"version-history":[{"count":0,"href":"https:\/\/sameboat.fi\/sv\/wp-json\/wp\/v2\/posts\/5896\/revisions"}],"wp:featuredmedia":[{"embeddable":true,"href":"https:\/\/sameboat.fi\/sv\/wp-json\/wp\/v2\/media\/5586"}],"wp:attachment":[{"href":"https:\/\/sameboat.fi\/sv\/wp-json\/wp\/v2\/media?parent=5896"}],"wp:term":[{"taxonomy":"category","embeddable":true,"href":"https:\/\/sameboat.fi\/sv\/wp-json\/wp\/v2\/categories?post=5896"},{"taxonomy":"post_tag","embeddable":true,"href":"https:\/\/sameboat.fi\/sv\/wp-json\/wp\/v2\/tags?post=5896"}],"curies":[{"name":"wp","href":"https:\/\/api.w.org\/{rel}","templated":true}]}}