{"id":5867,"date":"2022-02-22T15:42:04","date_gmt":"2022-02-22T13:42:04","guid":{"rendered":"https:\/\/sameboat.fi\/matias-juslin"},"modified":"2022-05-18T09:08:07","modified_gmt":"2022-05-18T06:08:07","slug":"matias-juslin","status":"publish","type":"post","link":"https:\/\/sameboat.fi\/sv\/matias-juslin","title":{"rendered":"Matias Juslin"},"content":{"rendered":"<p><!-- VideographyWP Plugin Message: Automatic video embedding prevented by plugin options. --><\/p>\n<div class=\"et_lb_module et_lb_column et_lb_resizable et_lb_first\">\n<div class=\"et_lb_module et_lb_text_block\">\n<p>26.12.2021<\/p>\n<\/div>\n<\/div>\n<div class=\"et_lb_module et_lb_column et_lb_1_2 et_lb_first\">\n<div class=\"et_lb_module et_lb_text_block\">\n<p>Snabb, klurig och full av energi. Det h\u00e4r \u00e4r adjektiv, som kommer f\u00f6r mig n\u00e4r jag pratar med Matias Juslin. Matias \u00e4r sannolikt Finlands yngsta fiskodlingsf\u00f6retagare vid v\u00e5r kust. Jannen Lohi Ab:s 25 -\u00e5riga vd har g\u00e5tt i den h\u00e5rda skolan och f\u00e5tt sitt f\u00f6retag att lyckas.<\/p>\n<p>J\u00e4mf\u00f6rt med kommersiellt fiske \u00e4r fiskodlingen en relativt ung n\u00e4ring i Sk\u00e4rg\u00e5rdshavet. Odlingsverksamheten b\u00f6rjade p\u00e5 1970-talet i Matias hemkommun Gustavs. Inspirerade av goda exempel b\u00f6rjade Matias far och farfar sj\u00e4lva odla regnb\u00e5gslax \u00e5r 1989. F\u00f6retaget fick sitt namn efter Matias far. Familjen Juslin hade \u00e4ven bedrivit str\u00f6mmingsfiske med ryssjor och vinternot, och Matias farfars far, i slutet av 1800-talet f\u00f6dda Anton Juslin, kan anses som pionj\u00e4r f\u00f6r dessa fiskes\u00e4tt i Finland.<\/p>\n<p>Matias deltog i f\u00f6retagets arbeten fr\u00e5n barnsben, och sommarjobb beh\u00f6vde inte s\u00f6kas p\u00e5 annat h\u00e5ll. Utbildning till branschen var en sj\u00e4lvklarhet. Den unga mannen avlade grundexamen i fiskeri vid Yrkesinstitutet Livias Fiskeri- och milj\u00f6institut i Pargas, och utexaminerades som fiskodlare \u00e5r 2015.<\/p>\n<p>Efter arm\u00e9n inhiberades den planerade mjuklandningen som arbetstagare i familjef\u00f6retaget, n\u00e4r Matias far dog helt pl\u00f6tsligt. Den nyutexaminerade fiskodlaren m\u00e5ste ta hela f\u00f6retaget p\u00e5 sitt ansvar redan som 20-\u00e5ring.<\/p>\n<\/div>\n<\/div>\n<div class=\"et_lb_module et_lb_column et_lb_1_2 et_lb_first\">\n<div class=\"et_lb_module et_lb_text_block\">\n<p>Av pojken, som inte ens som barn hade haft tummen mitt i handen, v\u00e4xte en uppfinnarjocke som t\u00e5lde \u00e4ven obekv\u00e4ma f\u00f6rh\u00e5llanden. Dessa egenskaper hj\u00e4lpte att klara de utmanande situationerna. Det fanns inte andra m\u00f6jligheter \u00e4n att ta sig an arbetet. Matias gick ocks\u00e5 med i Arbetseffektivitetsf\u00f6reningens f\u00f6retagstr\u00e4ning, som riktades till fiskuppf\u00f6dare. L\u00e4rande och sisu torde vara h\u00f6rnstenar \u00e4ven f\u00f6r andra f\u00f6retag som lyckas.<\/p>\n<p>F\u00f6retaget har genom vattenbrukets lokaliseringsstyrning tv\u00e5 odlingsplatser p\u00e5 Ini\u00f6fj\u00e4rden. Anl\u00e4ggningarna har lov att producera sammanlagt 230 ton regnb\u00e5gslax i \u00e5ret. Fiskynglen, som kommer fr\u00e5n Savon Taimen, v\u00e4ger i b\u00f6rjan under 100 gram, och far efter den andra uppf\u00f6dningssommaren som 2,5-3 kilos till den inhemska marknaden. Fiskarna rensas vid Jannen Lohis renseri, men vidaref\u00f6r\u00e4dling h\u00f6r \u00e5tminstone \u00e4nnu inte till f\u00f6retagets arbetsbeskrivning.<\/p>\n<p>Jannen Lohi syssels\u00e4tter f\u00f6rutom Matias en person \u00e5ret om och under rensningss\u00e4songen i november-december 10 personer. \u00c4ven Matias deltar i anl\u00e4ggningens rutinarbeten och har enligt egen utsago g\u00e4rna \u201dsmutsiga h\u00e4nder\u201d. Av personer som funderar p\u00e5 branschen f\u00f6rv\u00e4ntar sig Matias initiativf\u00f6rm\u00e5ga och ansvarsk\u00e4nsla.<\/p>\n<\/div>\n<\/div>\n<div class=\"et_lb_module et_lb_column et_lb_1_2\">\n<div class=\"et_lb_module et_lb_image\">\n<div class=\"et_lb_module_content\">\n<div class=\"et_lb_module_content_inner clearfix\">\n<div class=\"et_lb_image_box\"><a class=\"fancybox\" title=\"\" href=\"https:\/\/www.sameboat.fi\/wp-content\/uploads\/2021\/12\/Matias2.png\"><picture class=\"sp-no-webp\" title=\"\"><source srcset=\"https:\/\/www.sameboat.fi\/wp-content\/uploads\/2021\/12\/Matias2.webp\" type=\"image\/webp\" \/><source srcset=\"https:\/\/www.sameboat.fi\/wp-content\/uploads\/2021\/12\/Matias2.png\" type=\"image\/png\" \/><img decoding=\"async\" class=\"sp-no-webp\" title=\"\" src=\"https:\/\/www.sameboat.fi\/wp-content\/uploads\/2021\/12\/Matias2.png\" srcset=\"https:\/\/www.sameboat.fi\/wp-content\/uploads\/2021\/12\/Matias2.png\" alt=\"\" \/><\/picture><\/a><\/div>\n<\/div>\n<\/div>\n<\/div>\n<\/div>\n<div class=\"et_lb_module et_lb_column et_lb_resizable et_lb_first\">\n<div class=\"et_lb_module et_lb_text_block\">\n<p>Matias s\u00e4ger att de b\u00e4sta delarna i sitt yrke \u00e4r en viss frihet och m\u00e5ngsidighet; varje dag \u00e4r olik, och ingen \u00e4r och r\u00e5dger eller befaller. Dessutom h\u00e4mtar de vindstilla, varma och soliga sommarmorgnarna en varm atmosf\u00e4r till landskapskontoret, som f\u00e5r en att gl\u00f6mma vinterns k\u00f6ld och v\u00e4rken i de stela fingrarna som den f\u00f6r med sig.<\/p>\n<p>Som branschens st\u00f6rsta problem ser Matias den tillst\u00e5ndspolitik som bedrivs i Finland, som har lett till en f\u00f6rsvagning av l\u00f6nsamheten i fiskodlingen och som f\u00f6rsv\u00e5rar branschens tillv\u00e4xt. Branschen har \u00e4nd\u00e5 sk\u00f6tt sina \u00e5l\u00e4gganden snyggt, och belastningen har kunnat minskas betydligt. Tekniken, f\u00f6r\u00e4dlingen och fodret har utvecklats. \u00c4nd\u00e5 \u00e4r det sv\u00e5rt att f\u00e5 tillst\u00e5nd. \u201dTillst\u00e5ndsbesluten borde g\u00f6ras rent p\u00e5 basen av fakta, men inst\u00e4llningen hos de tj\u00e4nstem\u00e4n som behandlar ans\u00f6kningarna har tyv\u00e4rr en stor betydelse\u201d, beklagar Matias, som anser att frakten av norsk odlad lax hit till ett land med sj\u00f6ar och vattendrag n\u00e4rmast \u00e4r generande. \u00c4ven s\u00e4lar och skarvar orsakar stora ekonomiska f\u00f6rluster och mycket till\u00e4ggsarbete f\u00f6r fiskuppf\u00f6dningsf\u00f6retagen i havsomr\u00e5det.<\/p>\n<p>Jag m\u00e5ste lyfta p\u00e5 hatten f\u00f6r den unga f\u00f6retagaren. En fantastisk prestation. Inget att f\u00f6rundras \u00f6ver att resultatet blev \u00f6ver f\u00f6rv\u00e4ntan i kommunalvalet, och mannen valdes in i fullm\u00e4ktige i Gustavs vid f\u00f6rsta f\u00f6rs\u00f6ket med det n\u00e4stst\u00f6rsta r\u00f6stantalet och utan kampanj.<\/p>\n<p>Tack Matias f\u00f6r ditt arbete f\u00f6r oss finl\u00e4ndska fisk\u00e4tare. Hoppeligen utvecklas v\u00e5rt lands milj\u00f6tillst\u00e5ndspolitik och till\u00e5ter i framtiden tillv\u00e4xt f\u00f6r fiskodlingsbranschen. Till exempel borde ursprunget f\u00f6r fiskfoderr\u00e5varan beaktas i tillst\u00e5ndsprocessen; det s\u00e5 kallade \u00d6stersj\u00f6-fodret som tillverkas av str\u00f6mming och vassbuk som f\u00e5ngats i \u00d6stersj\u00f6n medf\u00f6r inte n\u00e5got n\u00e4ringstill\u00e4gg i havet utan \u00e5tervinner \u00d6stersj\u00f6ns egna n\u00e4rings\u00e4mnen. \u00c4ven v\u00e5ra politiker har via befr\u00e4mjandeprogrammet f\u00f6r inhemsk fisk uttryckt sin vilja att tredubbla den odlade fiskens produktion fram till \u00e5r 2035. Konsumenterna har redan tagit den inhemska regnb\u00e5gslaxen till sig, och den har en stor efterfr\u00e5gan.<\/p>\n<p>#fiskf\u00f6ralla #Respect<\/p>\n<p>&nbsp;<\/p>\n<p>Bonushistoria om Matias farfars far Anton Juslin och Kekkonen<\/p>\n<p>Matias farfars far, fiskaren Anton Juslin var president Urho Kekkonens fiskarkompis. Historien ber\u00e4ttar, att n\u00e4r Kekkonen igen kom f\u00f6r att fiska och Anton tog emot, denna g\u00e5ng dekorerad med f\u00f6rtj\u00e4nsttecken, s\u00e5 fr\u00e5gade Kekkonen var man f\u00e5r s\u00e5dana. Anton svarade: \u201dInt vet jag var ni sku f\u00e5 dem, men jag har f\u00e5tt dem f\u00f6r mina f\u00f6rtj\u00e4nster\u201d.<\/p>\n<\/div>\n<\/div>\n","protected":false},"excerpt":{"rendered":"<p>26.12.2021 Snabb, klurig och full av energi. Det h\u00e4r \u00e4r adjektiv, som kommer f\u00f6r mig n\u00e4r jag pratar med Matias Juslin. Matias \u00e4r sannolikt Finlands yngsta fiskodlingsf\u00f6retagare vid v\u00e5r kust. Jannen Lohi Ab:s 25 -\u00e5riga vd har g\u00e5tt i den h\u00e5rda skolan och f\u00e5tt sitt f\u00f6retag att lyckas. J\u00e4mf\u00f6rt med kommersiellt fiske \u00e4r fiskodlingen en [&hellip;]<\/p>\n","protected":false},"author":2,"featured_media":5589,"comment_status":"closed","ping_status":"closed","sticky":false,"template":"","format":"standard","meta":{"footnotes":""},"categories":[57],"tags":[],"class_list":["post-5867","post","type-post","status-publish","format-standard","has-post-thumbnail","hentry","category-kalaleader-blogi-rannikollamme-on-sankareita-sv"],"_links":{"self":[{"href":"https:\/\/sameboat.fi\/sv\/wp-json\/wp\/v2\/posts\/5867","targetHints":{"allow":["GET"]}}],"collection":[{"href":"https:\/\/sameboat.fi\/sv\/wp-json\/wp\/v2\/posts"}],"about":[{"href":"https:\/\/sameboat.fi\/sv\/wp-json\/wp\/v2\/types\/post"}],"author":[{"embeddable":true,"href":"https:\/\/sameboat.fi\/sv\/wp-json\/wp\/v2\/users\/2"}],"replies":[{"embeddable":true,"href":"https:\/\/sameboat.fi\/sv\/wp-json\/wp\/v2\/comments?post=5867"}],"version-history":[{"count":0,"href":"https:\/\/sameboat.fi\/sv\/wp-json\/wp\/v2\/posts\/5867\/revisions"}],"wp:featuredmedia":[{"embeddable":true,"href":"https:\/\/sameboat.fi\/sv\/wp-json\/wp\/v2\/media\/5589"}],"wp:attachment":[{"href":"https:\/\/sameboat.fi\/sv\/wp-json\/wp\/v2\/media?parent=5867"}],"wp:term":[{"taxonomy":"category","embeddable":true,"href":"https:\/\/sameboat.fi\/sv\/wp-json\/wp\/v2\/categories?post=5867"},{"taxonomy":"post_tag","embeddable":true,"href":"https:\/\/sameboat.fi\/sv\/wp-json\/wp\/v2\/tags?post=5867"}],"curies":[{"name":"wp","href":"https:\/\/api.w.org\/{rel}","templated":true}]}}