{"id":4219,"date":"2021-01-11T15:29:30","date_gmt":"2021-01-11T13:29:30","guid":{"rendered":"https:\/\/www.sameboat.fi\/?p=4219"},"modified":"2022-06-20T09:02:37","modified_gmt":"2022-06-20T06:02:37","slug":"i-samma-bat-samassa-veneessa-kartlade-ringvagens-naturstigar","status":"publish","type":"post","link":"https:\/\/sameboat.fi\/sv\/i-samma-bat-samassa-veneessa-kartlade-ringvagens-naturstigar","title":{"rendered":"I samma b\u00e5t \u2013 Samassa veneess\u00e4 kartlade ringv\u00e4gens naturstigar"},"content":{"rendered":"<p><!-- VideographyWP Plugin Message: Automatic video embedding prevented by plugin options. --><br \/>\n<em><strong><span id=\"E147\" class=\"qowt-font3-Arial\">Sk\u00e4rg\u00e5rdens ringv\u00e4g <\/span><span id=\"E148\" class=\"qowt-font3-Arial\">\u00e4r v\u00e4lbekant f\u00f6r cyklister<\/span><span id=\"E149\" class=\"qowt-font3-Arial\">, men det finns ocks\u00e5 fina vandringsleder l\u00e4ngs rutten. Sara S\u00f6derlund som jobbar f\u00f6r projektet Outdoor Leader har kartlagt de naturstigar som finns eller \u00e4r under uppbyggnad, och hon noterade samtidigt de b\u00e4sta platserna f\u00f6r nya t\u00e4nkbara stigar.<\/span><\/strong><\/em><\/p>\n<div id=\"contentsContainer\" class=\"style-scope qowt-page\">\n<div id=\"contents\" class=\"style-scope qowt-page\">\n<p id=\"E150\" class=\"qowt-stl-Normal x-scope qowt-word-para-2\"><span id=\"E151\" class=\"qowt-font3-Arial\">I samma b\u00e5t \u2013 Samassa veneess\u00e4 har just blivit klar med sitt projekt Outdoor Leader, som\u00a0<\/span><span id=\"E152\" class=\"qowt-font3-Arial\">betydde\u00a0<\/span><span id=\"E153\" class=\"qowt-font3-Arial\">jobb p\u00e5 lokal, regional och internationell niv\u00e5.<\/span><\/p>\n<p id=\"E154\" class=\"qowt-stl-Normal x-scope qowt-word-para-2\"><span id=\"E155\" class=\"qowt-font3-Arial\">Lokalt kartlades alla naturstigar och rastplatser l\u00e4ngs Sk\u00e4rg\u00e5rdens ringv\u00e4g samt gjordes anvisningar f\u00f6r f\u00f6reningar om hur man anl\u00e4gger en naturstig. Regionalt utreddes tillsammans med andra Leadergrupper vilka elektroniska plattformer som presenterar stigar, samt inleddes marknadsf\u00f6ring av rekreationsomr\u00e5den. Den internationella delen av projektet var studieresor, av vilka bara tv\u00e5 kunde f\u00f6rverkligas p\u00e5 grund av coronan.<\/span><\/p>\n<p id=\"E156\" class=\"qowt-stl-Normal x-scope qowt-word-para-2\"><span id=\"E157\" class=\"qowt-font3-Arial\">Projektarbetare\u00a0<\/span><span id=\"E158\" class=\"qowt-font3-Arial\">Sara S\u00f6derlund<\/span><span id=\"E159\" class=\"qowt-font3-Arial\">\u00a0svarade f\u00f6r projektet<\/span><span id=\"E160\" class=\"qowt-font3-Arial\">s<\/span><span id=\"E161\" class=\"qowt-font3-Arial\">\u00a0lokala\u00a0<\/span><span id=\"E162\" class=\"qowt-font3-Arial\">del<\/span><span id=\"E163\" class=\"qowt-font3-Arial\">.<\/span><\/p>\n<p id=\"E164\" class=\"qowt-stl-Normal x-scope qowt-word-para-2\"><span id=\"E165\" class=\"qowt-font3-Arial\">\u2013\u00a0<\/span><span id=\"E166\" class=\"qowt-font3-Arial\">F\u00f6r n\u00e4rvarande ligger det ett tjugotal naturstigar l\u00e4ngs Sk\u00e4rg\u00e5rdens ringv\u00e4g. Flera stigar \u00e4r under planering redan, och dessutom kartlades ocks\u00e5 platser d\u00e4r det skulle vara bra att f\u00e5 en naturstig. F\u00f6r n\u00e4rvarande finns det mest naturstigar i Nagu, men det finns fina objekt ocks\u00e5 p\u00e5 andra \u00f6ar, ber\u00e4ttar S\u00f6derlund.<\/span><\/p>\n<p id=\"E167\" class=\"qowt-stl-Normal x-scope qowt-word-para-1\"><span id=\"E168\" class=\"qowt-font3-Arial\">I Korpo till exempel finns Barfotastigen som presenterar milj\u00f6konst, men dessutom kommer snart tv\u00e5 nya naturstigar: hembygdsmuseets historiska naturstig samt Verkans Biosf\u00e4rstig. S\u00f6derlund menar att det dessutom finns bra platser f\u00f6r nya stigar i Markomby och i Korpostr\u00f6m.<\/span><\/p>\n<picture class=\"aligncenter size-full wp-image-4292 sp-no-webp\"><source srcset=\"https:\/\/www.haloomaaseutu.fi\/wp-content\/uploads\/ParainenNauvo.webp 1288w\" type=\"image\/webp\" sizes=\"(max-width: 1288px) 100vw, 1288px\" \/><source srcset=\"https:\/\/www.haloomaaseutu.fi\/wp-content\/uploads\/ParainenNauvo.jpg 1288w, https:\/\/www.haloomaaseutu.fi\/wp-content\/uploads\/ParainenNauvo-300x133.jpg 300w, https:\/\/www.haloomaaseutu.fi\/wp-content\/uploads\/ParainenNauvo-1024x454.jpg 1024w, https:\/\/www.haloomaaseutu.fi\/wp-content\/uploads\/ParainenNauvo-768x340.jpg 768w\" type=\"image\/jpeg\" sizes=\"(max-width: 1288px) 100vw, 1288px\" \/><img loading=\"lazy\" decoding=\"async\" class=\"aligncenter size-full wp-image-4292 sp-no-webp\" src=\"https:\/\/www.haloomaaseutu.fi\/wp-content\/uploads\/ParainenNauvo.jpg\" sizes=\"auto, (max-width: 1288px) 100vw, 1288px\" srcset=\"https:\/\/www.haloomaaseutu.fi\/wp-content\/uploads\/ParainenNauvo.jpg 1288w, https:\/\/www.haloomaaseutu.fi\/wp-content\/uploads\/ParainenNauvo-300x133.jpg 300w, https:\/\/www.haloomaaseutu.fi\/wp-content\/uploads\/ParainenNauvo-1024x454.jpg 1024w, https:\/\/www.haloomaaseutu.fi\/wp-content\/uploads\/ParainenNauvo-768x340.jpg 768w\" width=\"1288\" height=\"571\" \/><\/picture>\n<picture class=\"aligncenter size-full wp-image-4291 sp-no-webp\"><source srcset=\"https:\/\/www.haloomaaseutu.fi\/wp-content\/uploads\/KorppooHoutskari.webp 1288w\" type=\"image\/webp\" sizes=\"(max-width: 1288px) 100vw, 1288px\" \/><source srcset=\"https:\/\/www.haloomaaseutu.fi\/wp-content\/uploads\/KorppooHoutskari.jpg 1288w, https:\/\/www.haloomaaseutu.fi\/wp-content\/uploads\/KorppooHoutskari-300x133.jpg 300w, https:\/\/www.haloomaaseutu.fi\/wp-content\/uploads\/KorppooHoutskari-1024x454.jpg 1024w, https:\/\/www.haloomaaseutu.fi\/wp-content\/uploads\/KorppooHoutskari-768x340.jpg 768w\" type=\"image\/jpeg\" sizes=\"(max-width: 1288px) 100vw, 1288px\" \/><\/picture>\n<picture class=\"aligncenter size-full wp-image-4291 sp-no-webp\"><img loading=\"lazy\" decoding=\"async\" class=\"aligncenter size-full wp-image-4291 sp-no-webp\" src=\"https:\/\/www.haloomaaseutu.fi\/wp-content\/uploads\/KorppooHoutskari.jpg\" sizes=\"auto, (max-width: 1288px) 100vw, 1288px\" srcset=\"https:\/\/www.haloomaaseutu.fi\/wp-content\/uploads\/KorppooHoutskari.jpg 1288w, https:\/\/www.haloomaaseutu.fi\/wp-content\/uploads\/KorppooHoutskari-300x133.jpg 300w, https:\/\/www.haloomaaseutu.fi\/wp-content\/uploads\/KorppooHoutskari-1024x454.jpg 1024w, https:\/\/www.haloomaaseutu.fi\/wp-content\/uploads\/KorppooHoutskari-768x340.jpg 768w\" width=\"1288\" height=\"571\" \/><\/picture>\n<picture class=\"aligncenter size-full wp-image-4290 sp-no-webp\"><source srcset=\"https:\/\/www.haloomaaseutu.fi\/wp-content\/uploads\/InioKustavi.webp 1269w\" type=\"image\/webp\" sizes=\"(max-width: 1269px) 100vw, 1269px\" \/><source srcset=\"https:\/\/www.haloomaaseutu.fi\/wp-content\/uploads\/InioKustavi.jpg 1269w, https:\/\/www.haloomaaseutu.fi\/wp-content\/uploads\/InioKustavi-300x135.jpg 300w, https:\/\/www.haloomaaseutu.fi\/wp-content\/uploads\/InioKustavi-1024x461.jpg 1024w, https:\/\/www.haloomaaseutu.fi\/wp-content\/uploads\/InioKustavi-768x346.jpg 768w\" type=\"image\/jpeg\" sizes=\"(max-width: 1269px) 100vw, 1269px\" \/><\/picture>\n<picture class=\"aligncenter size-full wp-image-4290 sp-no-webp\"><img loading=\"lazy\" decoding=\"async\" class=\"aligncenter size-full wp-image-4290 sp-no-webp\" src=\"https:\/\/www.haloomaaseutu.fi\/wp-content\/uploads\/InioKustavi.jpg\" sizes=\"auto, (max-width: 1269px) 100vw, 1269px\" srcset=\"https:\/\/www.haloomaaseutu.fi\/wp-content\/uploads\/InioKustavi.jpg 1269w, https:\/\/www.haloomaaseutu.fi\/wp-content\/uploads\/InioKustavi-300x135.jpg 300w, https:\/\/www.haloomaaseutu.fi\/wp-content\/uploads\/InioKustavi-1024x461.jpg 1024w, https:\/\/www.haloomaaseutu.fi\/wp-content\/uploads\/InioKustavi-768x346.jpg 768w\" width=\"1269\" height=\"571\" \/><\/picture>\n<p id=\"E169\" class=\"qowt-stl-Normal x-scope qowt-word-para-2\"><strong><span id=\"E170\" class=\"qowt-font3-Arial\">Fler rastplatser beh\u00f6vs!<\/span><\/strong><\/p>\n<p id=\"E171\" class=\"qowt-stl-Normal x-scope qowt-word-para-2\"><span id=\"E172\" class=\"qowt-font3-Arial\">Inom projektet kartlades ocks\u00e5 rastplatserna, som det finns alldeles f\u00f6r lite av.<\/span><\/p>\n<p id=\"E173\" class=\"qowt-stl-Normal x-scope qowt-word-para-2\"><span id=\"E174\" class=\"qowt-font3-Arial\">\u2013\u00a0<\/span><span id=\"E175\" class=\"qowt-font3-Arial\">Det finns stort behov av rastplatser utrustade med WC, picknickbord och papperskorg. Dessutom \u00e4r det brist p\u00e5 t\u00e4ltplatser. Visst f\u00e5r man t\u00e4lta i m\u00e5nga skogar, men till exempel utl\u00e4ndska turister k\u00e4nner inte till allemansr\u00e4tten, konstaterar S\u00f6derlund.<\/span><\/p>\n<p id=\"E176\" class=\"qowt-stl-Normal x-scope qowt-word-para-1\"><span id=\"E177\" class=\"qowt-font3-Arial\">Camping sliter ocks\u00e5 p\u00e5 skogarna f\u00f6r l\u00e4ngs ringv\u00e4gen kan det under en och samma kv\u00e4ll finnas hundra m\u00e4nniskor i jakt p\u00e5 nattkvarter. T\u00e4ltandet l\u00e4mnar ocks\u00e5 skr\u00e4p, avf\u00f6ring och rester av brasor i skogarna. D\u00e4rf\u00f6r skulle det vara bra att anvisa t\u00e4ltandet en plats d\u00e4r man samtidigt kunde erbjuda andra tj\u00e4nster.<\/span><\/p>\n<p id=\"E178\" class=\"qowt-stl-Normal x-scope qowt-word-para-2\"><strong><span id=\"E179\" class=\"qowt-font3-Arial\">P\u00e5 samma stig<\/span><\/strong><\/p>\n<p id=\"E180\" class=\"qowt-stl-Normal x-scope qowt-word-para-2\"><span id=\"E181\" class=\"qowt-font3-Arial\">St\u00f6rsta delen av naturstigarna i sk\u00e4rg\u00e5rden har anlagts av lokala f\u00f6reningar, men det finns ocks\u00e5 s\u00e5dana som skapats av f\u00f6retagare, kommuner och mark\u00e4gare. Minna Bostr\u00f6m som \u00e4r verksamhetsledare f\u00f6r Leadergruppen I samma b\u00e5t \u2013 Samassa veneess\u00e4 efterlyser samarbete mellan akt\u00f6rerna.<\/span><\/p>\n<p id=\"E182\" class=\"qowt-stl-Normal x-scope qowt-word-para-2\"><span id=\"E183\" class=\"qowt-font3-Arial\">\u2013\u00a0<\/span><span id=\"E184\" class=\"qowt-font3-Arial\">En naturstig kan vara en god investering f\u00f6r mark\u00e4garen. Om det g\u00e5r en stig genom skogen f\u00f6ljer de flesta den och l\u00e4mnar resten av skogen i fred, p\u00e5pekar hon.<\/span><\/p>\n<p id=\"E185\" class=\"qowt-stl-Normal x-scope qowt-word-para-2\"><span id=\"E186\" class=\"qowt-font3-Arial\">En bra naturstig kan dessutom ge tillf\u00e4lle till f\u00f6retagsverksamhet, f\u00f6r vandrarna beh\u00f6ver ocks\u00e5 tj\u00e4nster. I Sattmark i Pargas till exempel \u00e4r de som vandrar l\u00e4ngs naturstigen ocks\u00e5 stamkunder i caf\u00e9et vid stigens b\u00f6rjan.<\/span><\/p>\n<p id=\"E187\" class=\"qowt-stl-Normal x-scope qowt-word-para-2\"><span id=\"E188\" class=\"qowt-font3-Arial\">Vid sidan om naturstigarna finns det l\u00e4ngs Sk\u00e4rg\u00e5rdens ringv\u00e4g mycket annat att se i naturen om man ger sig tid att stanna upp och titta. Minna Bostr\u00f6m som sj\u00e4lv bor i Korpo p\u00e5minner om att turisterna kan ha sv\u00e5rt att hitta s\u00e5dant som \u00e4r sj\u00e4lvklart f\u00f6r ortsborna.<\/span><\/p>\n<p id=\"E189\" class=\"qowt-stl-Normal x-scope qowt-word-para-2\"><span id=\"E190\" class=\"qowt-font3-Arial\">\u2013\u00a0<\/span><span id=\"E191\" class=\"qowt-font3-Arial\">Det kunde vara bra att till exempel visa turisterna var de b\u00e4sta platserna f\u00f6r att beundra solnedg\u00e5ngar finns, f\u00f6resl\u00e5r hon<\/span><\/p>\n<p id=\"E192\" class=\"qowt-stl-Normal x-scope qowt-word-para-2\"><span id=\"E193\" class=\"qowt-font3-Arial\">\u2013\u00a0<\/span><span id=\"E194\" class=\"qowt-font3-Arial\">Det kunde ocks\u00e5 vara en rolig id\u00e9 att lista sk\u00e4rg\u00e5rdens h\u00f6gsta platser som vandrarna kunde\u00a0<\/span>\u201dg\u00f6ra\u201d s\u00e5 som man g\u00f6r Alptoppar, forts\u00e4tter S\u00f6derlund.<\/p>\n<\/div>\n<\/div>\n<div id=\"contentsContainer\" class=\"style-scope qowt-page\">\n<div id=\"contents\" class=\"style-scope qowt-page\">\n<p id=\"E195\" class=\"qowt-stl-Normal x-scope qowt-word-para-1\"><span id=\"E196\" class=\"qowt-font3-Arial\">I skogarna i Nagu kan man se mufflonf\u00e5r \u2013 vilda f\u00e5r med stora horn \u2013 eller dovhjort vars hannar har stora bredbladiga horn. I vattnen kring Ini\u00f6 \u00e5ter kan man mot slutet av sommaren f\u00e5 simma med medusor, och om man kastar en blick mot himlen f\u00e5r man beundra havs\u00f6rnens flykt.<\/span><\/p>\n<p id=\"E197\" class=\"qowt-stl-Normal x-scope qowt-word-para-2\"><strong><span id=\"E198\" class=\"qowt-font3-Arial\">Minns underh\u00e5llet!<\/span><\/strong><\/p>\n<p id=\"E199\" class=\"qowt-stl-Normal x-scope qowt-word-para-2\"><span id=\"E200\" class=\"qowt-font3-Arial\">D\u00e5 man b\u00f6rjar planera en naturstig l\u00f6nar det sig att redan i planeringsskedet ocks\u00e5 t\u00e4nka p\u00e5 dess underh\u00e5ll. Bristf\u00e4llig skyltning eller s\u00f6ndriga g\u00e5ngplankor till exempel kan medf\u00f6ra faror f\u00f6r vandrare.<\/span><\/p>\n<p id=\"E201\" class=\"qowt-stl-Normal x-scope qowt-word-para-2\"><span id=\"E202\" class=\"qowt-font3-Arial\">\u2013\u00a0<\/span><span id=\"E203\" class=\"qowt-font3-Arial\">M\u00e5ngen naturstig har skapats genom projekt men l\u00e4mnats \u00e5t sitt \u00f6de, d\u00e5 projektet tagit slut, f\u00f6rklarar Sara S\u00f6derlund.<\/span><\/p>\n<p id=\"E204\" class=\"qowt-stl-Normal x-scope qowt-word-para-1\"><span id=\"E205\" class=\"qowt-font3-Arial\">Man kan inte f\u00e5 Leaderst\u00f6d f\u00f6r att rusta upp en stig f\u00f6r finansieringen \u00e4r inriktad p\u00e5 utveckling och nyskapande. D\u00e4rf\u00f6r l\u00f6nar det sig att inom projektet planera en s\u00e5 h\u00e5llbar stig som m\u00f6jligt och att f\u00f6rs\u00e4kra sig om att n\u00e5gon f\u00f6rbinder sig att underh\u00e5lla den fram\u00f6ver. Ett undantag \u00e4r att man har kunnat rusta upp gamla stigar med Leaderpengar om man samtidigt utvidgat stigen eller utvecklat den till exempel till en guidad temastig.<\/span><\/p>\n<p id=\"E206\" class=\"qowt-stl-Normal x-scope qowt-word-para-2\"><strong><span id=\"E207\" class=\"qowt-font3-Arial\">Leaderst\u00f6d finns<\/span><\/strong><\/p>\n<figure id=\"attachment_4297\" class=\"wp-caption aligncenter\" aria-describedby=\"caption-attachment-4297\"><picture class=\"size-full wp-image-4297 sp-no-webp\"><source srcset=\"https:\/\/www.haloomaaseutu.fi\/wp-content\/uploads\/OLminna-1.webp 1389w\" type=\"image\/webp\" sizes=\"(max-width: 1389px) 100vw, 1389px\" \/><source srcset=\"https:\/\/www.haloomaaseutu.fi\/wp-content\/uploads\/OLminna-1.jpg 1389w, https:\/\/www.haloomaaseutu.fi\/wp-content\/uploads\/OLminna-1-300x200.jpg 300w, https:\/\/www.haloomaaseutu.fi\/wp-content\/uploads\/OLminna-1-1024x683.jpg 1024w, https:\/\/www.haloomaaseutu.fi\/wp-content\/uploads\/OLminna-1-768x512.jpg 768w, https:\/\/www.haloomaaseutu.fi\/wp-content\/uploads\/OLminna-1-272x182.jpg 272w\" type=\"image\/jpeg\" sizes=\"(max-width: 1389px) 100vw, 1389px\" \/><img loading=\"lazy\" decoding=\"async\" class=\"size-full wp-image-4297 sp-no-webp\" src=\"https:\/\/www.haloomaaseutu.fi\/wp-content\/uploads\/OLminna-1.jpg\" sizes=\"auto, (max-width: 1389px) 100vw, 1389px\" srcset=\"https:\/\/www.haloomaaseutu.fi\/wp-content\/uploads\/OLminna-1.jpg 1389w, https:\/\/www.haloomaaseutu.fi\/wp-content\/uploads\/OLminna-1-300x200.jpg 300w, https:\/\/www.haloomaaseutu.fi\/wp-content\/uploads\/OLminna-1-1024x683.jpg 1024w, https:\/\/www.haloomaaseutu.fi\/wp-content\/uploads\/OLminna-1-768x512.jpg 768w, https:\/\/www.haloomaaseutu.fi\/wp-content\/uploads\/OLminna-1-272x182.jpg 272w\" width=\"1389\" height=\"926\" \/><\/picture><figcaption id=\"caption-attachment-4297\" class=\"wp-caption-text\">Minna Bostr\u00f6m som \u00e4r verksamhetsledare f\u00f6r I samma b\u00e5t hoppas p\u00e5 mera naturstigar i sk\u00e4rg\u00e5rden. Det finns gott om platser f\u00f6r stigar!<\/figcaption><\/figure>\n<p id=\"E208\" class=\"qowt-stl-Normal x-scope qowt-word-para-2\"><span id=\"E209\" class=\"qowt-font3-Arial\">Naturstigar \u00e4r popul\u00e4ra Leaderprojekt. Man kan anl\u00e4gga en stig antingen som ett eget Leaderprojekt eller s\u00e5 kan man ans\u00f6ka om st\u00f6d inom ett l\u00e4mpligt temaprojekt. Via det p\u00e5g\u00e5ende SMILe-projektet till exempel beviljades pengar \u00e5t f\u00f6reningen Kirjais- och Sommar\u00f6bygdens utveckling f\u00f6r byggandet av en naturstig i Nagu Kirjais.<\/span><\/p>\n<p id=\"E210\" class=\"qowt-stl-Normal x-scope qowt-word-para-2\"><span id=\"E211\" class=\"qowt-font3-Arial\">\u2013\u00a0<\/span><span id=\"E212\" class=\"qowt-font3-Arial\">D\u00e5 vi beviljar Leaderst\u00f6d t\u00e4nker vi alltid p\u00e5 hur allm\u00e4nnyttiga och l\u00e5nglivade \u00e5tg\u00e4rderna \u00e4r. D\u00e4rf\u00f6r \u00e4r \u00f6ppna naturstigar och grillplatser bra Leaderprojekt, konstaterar Bostr\u00f6m.<\/span><\/p>\n<p id=\"E213\" class=\"qowt-stl-Normal x-scope qowt-word-para-2\"><span id=\"E214\" class=\"qowt-font3-Arial\">Som en del av Outdoor Leader-projektet gjorde S\u00f6derlund ocks\u00e5 <a href=\"https:\/\/www.sameboat.fi\/wp-content\/uploads\/2021\/01\/Projektmanual-fo\u0308r-fo\u0308reningar-liten-pdf-storlek.pdf\">en projektguide<\/a> f\u00f6r f\u00f6reningarna. Den ger r\u00e5d om hur man anl\u00e4gger en naturstig eller en rastplats som Leaderprojekt. Guiden inneh\u00e5ller information om tillst\u00e5nds\u00e4renden, s\u00e4kerhetsaspekter, r\u00e5d om skyltning, r\u00e5d om projektans\u00f6kan och kriterier f\u00f6r naturstigars tillg\u00e4nglighet. Det \u00e4r n\u00e4mligen numera stor efterfr\u00e5gan p\u00e5 tillg\u00e4ngliga utf\u00e4rdsm\u00e5l.<\/span><\/p>\n<p id=\"E215\" class=\"qowt-stl-Normal x-scope qowt-word-para-2\"><span id=\"E216\" class=\"qowt-font3-Arial\">Ut\u00f6ver den skriftliga versionen finns guiden ocks\u00e5 som video. Med guiden f\u00f6rs\u00f6ker man s\u00e4nka tr\u00f6skeln f\u00f6r att ans\u00f6ka om Leaderfinansiering. Leadermedlen \u00e4r avsedda f\u00f6r landsbygdsutveckling och de kommer ur landsbygdsprogrammet, som skall skapa tillv\u00e4xt, utveckling och v\u00e4lst\u00e5nd p\u00e5 landsbygden. Av finansieringen kommer 42 procent fr\u00e5n EU, 38 procent fr\u00e5n staten och 20 procent fr\u00e5n kommunerna.<\/span><\/p>\n<\/div>\n<p><iframe loading=\"lazy\"  id=\"_ytid_85024\"  width=\"800\" height=\"450\"  data-origwidth=\"800\" data-origheight=\"450\" src=\"https:\/\/www.youtube.com\/embed\/kV7gDR3vGUI?enablejsapi=1&#038;autoplay=0&#038;cc_load_policy=0&#038;cc_lang_pref=&#038;iv_load_policy=1&#038;loop=0&#038;rel=1&#038;fs=1&#038;playsinline=0&#038;autohide=2&#038;theme=dark&#038;color=red&#038;controls=1&#038;disablekb=0&#038;\" class=\"__youtube_prefs__  epyt-is-override  no-lazyload\" title=\"YouTube player\"  allow=\"fullscreen; accelerometer; autoplay; clipboard-write; encrypted-media; gyroscope; picture-in-picture; web-share\" referrerpolicy=\"strict-origin-when-cross-origin\" allowfullscreen data-no-lazy=\"1\" data-skipgform_ajax_framebjll=\"\"><\/iframe><\/p>\n<div id=\"contents\" class=\"style-scope qowt-page\">\n<p><em>Text: Janica Vilen<\/em><\/p>\n<p><em>\u00d6vers\u00e4ttning: Mathias Luther<\/em><\/p>\n<p><em>Video: Sara S\u00f6derlund<\/em><\/p>\n<\/div>\n<\/div>\n","protected":false},"excerpt":{"rendered":"<p>Sk\u00e4rg\u00e5rdens ringv\u00e4g \u00e4r v\u00e4lbekant f\u00f6r cyklister, men det finns ocks\u00e5 fina vandringsleder l\u00e4ngs rutten. Sara S\u00f6derlund som jobbar f\u00f6r projektet Outdoor Leader har kartlagt de naturstigar som finns eller \u00e4r under uppbyggnad, och hon noterade samtidigt de b\u00e4sta platserna f\u00f6r nya t\u00e4nkbara stigar. I samma b\u00e5t \u2013 Samassa veneess\u00e4 har just blivit klar med sitt [&hellip;]<\/p>\n","protected":false},"author":11,"featured_media":6180,"comment_status":"closed","ping_status":"closed","sticky":false,"template":"","format":"standard","meta":{"footnotes":""},"categories":[70],"tags":[60,61,63],"class_list":["post-4219","post","type-post","status-publish","format-standard","has-post-thumbnail","hentry","category-yhteison-hanke-esimerkit-sv","tag-i-samma-bat-sv-2","tag-minna-bostrom-2","tag-sara-soderlund-2"],"_links":{"self":[{"href":"https:\/\/sameboat.fi\/sv\/wp-json\/wp\/v2\/posts\/4219","targetHints":{"allow":["GET"]}}],"collection":[{"href":"https:\/\/sameboat.fi\/sv\/wp-json\/wp\/v2\/posts"}],"about":[{"href":"https:\/\/sameboat.fi\/sv\/wp-json\/wp\/v2\/types\/post"}],"author":[{"embeddable":true,"href":"https:\/\/sameboat.fi\/sv\/wp-json\/wp\/v2\/users\/11"}],"replies":[{"embeddable":true,"href":"https:\/\/sameboat.fi\/sv\/wp-json\/wp\/v2\/comments?post=4219"}],"version-history":[{"count":0,"href":"https:\/\/sameboat.fi\/sv\/wp-json\/wp\/v2\/posts\/4219\/revisions"}],"wp:featuredmedia":[{"embeddable":true,"href":"https:\/\/sameboat.fi\/sv\/wp-json\/wp\/v2\/media\/6180"}],"wp:attachment":[{"href":"https:\/\/sameboat.fi\/sv\/wp-json\/wp\/v2\/media?parent=4219"}],"wp:term":[{"taxonomy":"category","embeddable":true,"href":"https:\/\/sameboat.fi\/sv\/wp-json\/wp\/v2\/categories?post=4219"},{"taxonomy":"post_tag","embeddable":true,"href":"https:\/\/sameboat.fi\/sv\/wp-json\/wp\/v2\/tags?post=4219"}],"curies":[{"name":"wp","href":"https:\/\/api.w.org\/{rel}","templated":true}]}}